{"id":39919,"date":"2015-07-11T15:08:52","date_gmt":"2015-07-11T12:08:52","guid":{"rendered":"http:\/\/www.sana.sy\/tr\/?p=39919"},"modified":"2015-07-11T15:08:52","modified_gmt":"2015-07-11T12:08:52","slug":"hasekede-universite-ogrencileri-sinavlarini-tamamliyor","status":"publish","type":"post","link":"https:\/\/archive.sana.sy\/tr\/?p=39919","title":{"rendered":"Haseke\u2019de \u00dcniversite \u00d6\u011frencileri S\u0131navlar\u0131n\u0131 Tamaml\u0131yor"},"content":{"rendered":"<p>HASEKE \u2013 Haseke Kentindeki \u00fcniversite \u00f6\u011frencileri iki hafta s\u00fcren kesintiden sonra bug\u00fcn fak\u00fcltelerinde s\u0131navlar\u0131n\u0131 tamaml\u0131yor.<\/p>\n<p>F\u0131rat \u00dcniversitesinin Haseke \u015fube m\u00fcd\u00fcr\u00fc Necm el Hmeydi fen bilimleri ve hukuk fak\u00fclteleri \u00f6\u011frencilerinin s\u0131navlar\u0131n\u0131 tamamlad\u0131klar\u0131n\u0131 ifade etti. Hmeydi zirai m\u00fchendislik ve di\u015f hekimli\u011fi fak\u00fcltelerinin yan\u0131 s\u0131ra zirai ve veterinerlik bilimleri enstit\u00fcs\u00fc \u00f6\u011frencilerinin de yar\u0131n Pazar g\u00fcn\u00fcnden itibaren bu ay\u0131n sonlar\u0131ndan \u00f6nce s\u0131navlar\u0131n\u0131 tamamlayacaklar\u0131n\u0131 s\u00f6yledi.<\/p>\n<p>Hmeydi \u00fcniversite \u00f6\u011frencilerinin daha \u00f6nce her fak\u00fcltenin belirledi\u011fi s\u0131nav programlar\u0131 kapsam\u0131nda s\u0131nav seyrini tamamlamakta oldu\u011funu ifade ederken kentte ya\u015fanan ter\u00f6r eylemleri nedeniyle ertelenen s\u0131nav cetvelinin tamamlanaca\u011f\u0131n\u0131 a\u00e7\u0131klad\u0131.<\/p>\n<p>F\u0131rat \u00dcniversitesinin Haseke \u015fubesi ter\u00f6r eylemleri nedeniyle s\u0131nav d\u00f6neminin son haftas\u0131na d\u00fc\u015fen ders s\u0131navlar\u0131n\u0131 daha sonra belirlenecek bir tarihe erteleme ilan\u0131nda bulunmu\u015ftu.<\/p>\n<p>Bu arada F\u0131rsat \u00dcniversitesine tabi olarak Haseke Kentinde 30 binden fazla \u00f6\u011frenciyi kapsayan 8 fak\u00fclte bulunuyor.<\/p>\n<p>A.A.<\/p>\n","protected":false},"excerpt":{"rendered":"<p>HASEKE \u2013 Haseke Kentindeki \u00fcniversite \u00f6\u011frencileri iki hafta s\u00fcren kesintiden sonra bug\u00fcn fak\u00fcltelerinde s\u0131navlar\u0131n\u0131 tamaml\u0131yor. F\u0131rat \u00dcniversitesinin Haseke \u015fube m\u00fcd\u00fcr\u00fc Necm el Hmeydi fen bilimleri ve hukuk fak\u00fclteleri \u00f6\u011frencilerinin s\u0131navlar\u0131n\u0131 tamamlad\u0131klar\u0131n\u0131 ifade etti. Hmeydi zirai m\u00fchendislik ve di\u015f hekimli\u011fi fak\u00fcltelerinin yan\u0131 s\u0131ra zirai ve veterinerlik bilimleri enstit\u00fcs\u00fc \u00f6\u011frencilerinin de yar\u0131n Pazar g\u00fcn\u00fcnden itibaren bu ay\u0131n &hellip;<\/p>\n","protected":false},"author":1,"featured_media":39920,"comment_status":"closed","ping_status":"closed","sticky":false,"template":"","format":"standard","meta":{"footnotes":""},"categories":[479,478],"tags":[15767],"class_list":["post-39919","post","type-post","status-publish","format-standard","has-post-thumbnail","","category-haberler-yerel","category-yerel","tag-hasekede-universite-ogrencileri-sinavlarini-tamamliyor"],"_links":{"self":[{"href":"https:\/\/archive.sana.sy\/tr\/index.php?rest_route=\/wp\/v2\/posts\/39919","targetHints":{"allow":["GET"]}}],"collection":[{"href":"https:\/\/archive.sana.sy\/tr\/index.php?rest_route=\/wp\/v2\/posts"}],"about":[{"href":"https:\/\/archive.sana.sy\/tr\/index.php?rest_route=\/wp\/v2\/types\/post"}],"author":[{"embeddable":true,"href":"https:\/\/archive.sana.sy\/tr\/index.php?rest_route=\/wp\/v2\/users\/1"}],"replies":[{"embeddable":true,"href":"https:\/\/archive.sana.sy\/tr\/index.php?rest_route=%2Fwp%2Fv2%2Fcomments&post=39919"}],"version-history":[{"count":0,"href":"https:\/\/archive.sana.sy\/tr\/index.php?rest_route=\/wp\/v2\/posts\/39919\/revisions"}],"wp:featuredmedia":[{"embeddable":true,"href":"https:\/\/archive.sana.sy\/tr\/index.php?rest_route=\/wp\/v2\/media\/39920"}],"wp:attachment":[{"href":"https:\/\/archive.sana.sy\/tr\/index.php?rest_route=%2Fwp%2Fv2%2Fmedia&parent=39919"}],"wp:term":[{"taxonomy":"category","embeddable":true,"href":"https:\/\/archive.sana.sy\/tr\/index.php?rest_route=%2Fwp%2Fv2%2Fcategories&post=39919"},{"taxonomy":"post_tag","embeddable":true,"href":"https:\/\/archive.sana.sy\/tr\/index.php?rest_route=%2Fwp%2Fv2%2Ftags&post=39919"}],"curies":[{"name":"wp","href":"https:\/\/api.w.org\/{rel}","templated":true}]}}