{"id":39999,"date":"2015-07-12T14:01:25","date_gmt":"2015-07-12T11:01:25","guid":{"rendered":"http:\/\/www.sana.sy\/tr\/?p=39999"},"modified":"2015-07-12T14:01:25","modified_gmt":"2015-07-12T11:01:25","slug":"idlib-kirsalinda-erdogan-rejiminin-destekledigi-teror-cetelerinin-tel-hattab-tel-avar-ve-tel-hikme-bolgelerine-saldiri-girisimlerini-engelleyen-ordu-birliklerimiz-onlarca-teroristi-cephane-ve-aracla","status":"publish","type":"post","link":"https:\/\/archive.sana.sy\/tr\/?p=39999","title":{"rendered":"\u0130dlib k\u0131rsal\u0131nda Erdo\u011fan rejiminin destekledi\u011fi ter\u00f6r \u00e7etelerinin Tel Hattab, Tel Avar ve Tel Hikme b\u00f6lgelerine sald\u0131r\u0131 giri\u015fimlerini engelleyen ordu birliklerimiz, onlarca ter\u00f6risti cephane ve ara\u00e7lar\u0131yla \u00f6ld\u00fcrd\u00fc"},"content":{"rendered":"<p>\u0130dlib k\u0131rsal\u0131nda Erdo\u011fan rejiminin destekledi\u011fi ter\u00f6r \u00e7etelerinin Tel Hattab, Tel Avar ve Tel Hikme b\u00f6lgelerine sald\u0131r\u0131 giri\u015fimlerini engelleyen ordu birliklerimiz, onlarca ter\u00f6risti cephane ve ara\u00e7lar\u0131yla \u00f6ld\u00fcrd\u00fc<\/p>\n","protected":false},"excerpt":{"rendered":"<p>\u0130dlib k\u0131rsal\u0131nda Erdo\u011fan rejiminin destekledi\u011fi ter\u00f6r \u00e7etelerinin Tel Hattab, Tel Avar ve Tel Hikme b\u00f6lgelerine sald\u0131r\u0131 giri\u015fimlerini engelleyen ordu birliklerimiz, onlarca ter\u00f6risti cephane ve ara\u00e7lar\u0131yla \u00f6ld\u00fcrd\u00fc<\/p>\n","protected":false},"author":1,"featured_media":0,"comment_status":"closed","ping_status":"closed","sticky":false,"template":"","format":"standard","meta":{"footnotes":""},"categories":[1],"tags":[],"class_list":["post-39999","post","type-post","status-publish","format-standard","","category-news-not-sorted"],"_links":{"self":[{"href":"https:\/\/archive.sana.sy\/tr\/index.php?rest_route=\/wp\/v2\/posts\/39999","targetHints":{"allow":["GET"]}}],"collection":[{"href":"https:\/\/archive.sana.sy\/tr\/index.php?rest_route=\/wp\/v2\/posts"}],"about":[{"href":"https:\/\/archive.sana.sy\/tr\/index.php?rest_route=\/wp\/v2\/types\/post"}],"author":[{"embeddable":true,"href":"https:\/\/archive.sana.sy\/tr\/index.php?rest_route=\/wp\/v2\/users\/1"}],"replies":[{"embeddable":true,"href":"https:\/\/archive.sana.sy\/tr\/index.php?rest_route=%2Fwp%2Fv2%2Fcomments&post=39999"}],"version-history":[{"count":0,"href":"https:\/\/archive.sana.sy\/tr\/index.php?rest_route=\/wp\/v2\/posts\/39999\/revisions"}],"wp:attachment":[{"href":"https:\/\/archive.sana.sy\/tr\/index.php?rest_route=%2Fwp%2Fv2%2Fmedia&parent=39999"}],"wp:term":[{"taxonomy":"category","embeddable":true,"href":"https:\/\/archive.sana.sy\/tr\/index.php?rest_route=%2Fwp%2Fv2%2Fcategories&post=39999"},{"taxonomy":"post_tag","embeddable":true,"href":"https:\/\/archive.sana.sy\/tr\/index.php?rest_route=%2Fwp%2Fv2%2Ftags&post=39999"}],"curies":[{"name":"wp","href":"https:\/\/api.w.org\/{rel}","templated":true}]}}