{"id":4000,"date":"2014-06-26T14:11:48","date_gmt":"2014-06-26T11:11:48","guid":{"rendered":"http:\/\/www.sana.sy\/tr\/?p=4000"},"modified":"2014-06-26T14:11:48","modified_gmt":"2014-06-26T11:11:48","slug":"tekfircilerin-irakta-kayiplari-artiyor","status":"publish","type":"post","link":"https:\/\/archive.sana.sy\/tr\/?p=4000","title":{"rendered":"Tekfircilerin Irak\u2019ta Kay\u0131plar\u0131 Art\u0131yor"},"content":{"rendered":"<p>BA\u011eDAT \u2013 Irak ordusu bug\u00fcn Kaide \u00d6rg\u00fct\u00fcn\u00fcn bir kolu olan \u2018Irak ve \u015eam \u0130slami Devleti\u2019 adl\u0131 tekfirci ter\u00f6r olu\u015fumuna ait 30 ara\u00e7tan olu\u015fan bir konvoyu tamam\u0131yla imha etti\u011fini a\u00e7\u0131klad\u0131.<\/p>\n<p>Irak ordusunda operasyon komutas\u0131; Rava \u2013 Hadise karayolu \u00fczerinde hedef al\u0131nan ter\u00f6r konvoyunda bulunan t\u00fcm ter\u00f6ristlerin etkisiz hale getirildi\u011fini belirtti.<\/p>\n<p>Komutanl\u0131k Cezire ve Badiye b\u00f6lgelerindeki operasyonlar \u00e7er\u00e7evesinde \u2018Irak ve \u015eam \u0130slami Devleti\u2019nin b\u00f6lge komutan\u0131 \u2018Ebu Enes el \u015eami\u2019 kod adl\u0131 az\u0131l\u0131 ter\u00f6risti 9 yard\u0131mc\u0131s\u0131yla birlikte \u00f6ld\u00fcrd\u00fc\u011f\u00fcn\u00fc, ter\u00f6ristlere ait a\u011f\u0131r makineli silahlarla donat\u0131lm\u0131\u015f 7 arac\u0131 da imha etti\u011fini belirtti.<\/p>\n<p>Bu arada Irak televizyonu; Irak \u00f6zel birliklerinin Tekrit \u00dcniversitesine \u00f6zel bir operasyon d\u00fczenledi\u011fini belirtirken, \u00fcniversitede bulunan onlarca ter\u00f6ristin \u00f6ld\u00fcr\u00fcl\u00fcp silahlar\u0131na el konuldu\u011funu s\u00f6yledi.<\/p>\n","protected":false},"excerpt":{"rendered":"<p>BA\u011eDAT \u2013 Irak ordusu bug\u00fcn Kaide \u00d6rg\u00fct\u00fcn\u00fcn bir kolu olan \u2018Irak ve \u015eam \u0130slami Devleti\u2019 adl\u0131 tekfirci ter\u00f6r olu\u015fumuna ait 30 ara\u00e7tan olu\u015fan bir konvoyu tamam\u0131yla imha etti\u011fini a\u00e7\u0131klad\u0131. Irak ordusunda operasyon komutas\u0131; Rava \u2013 Hadise karayolu \u00fczerinde hedef al\u0131nan ter\u00f6r konvoyunda bulunan t\u00fcm ter\u00f6ristlerin etkisiz hale getirildi\u011fini belirtti. Komutanl\u0131k Cezire ve Badiye b\u00f6lgelerindeki operasyonlar &hellip;<\/p>\n","protected":false},"author":1,"featured_media":0,"comment_status":"closed","ping_status":"closed","sticky":false,"template":"","format":"standard","meta":{"footnotes":""},"categories":[458,459,447],"tags":[864],"class_list":["post-4000","post","type-post","status-publish","format-standard","","category-dunya1","category-haberler-arap-uluslararasi-politika","category-politika","tag-tekfircilerin-irakta-kayiplari-artiyor"],"_links":{"self":[{"href":"https:\/\/archive.sana.sy\/tr\/index.php?rest_route=\/wp\/v2\/posts\/4000","targetHints":{"allow":["GET"]}}],"collection":[{"href":"https:\/\/archive.sana.sy\/tr\/index.php?rest_route=\/wp\/v2\/posts"}],"about":[{"href":"https:\/\/archive.sana.sy\/tr\/index.php?rest_route=\/wp\/v2\/types\/post"}],"author":[{"embeddable":true,"href":"https:\/\/archive.sana.sy\/tr\/index.php?rest_route=\/wp\/v2\/users\/1"}],"replies":[{"embeddable":true,"href":"https:\/\/archive.sana.sy\/tr\/index.php?rest_route=%2Fwp%2Fv2%2Fcomments&post=4000"}],"version-history":[{"count":0,"href":"https:\/\/archive.sana.sy\/tr\/index.php?rest_route=\/wp\/v2\/posts\/4000\/revisions"}],"wp:attachment":[{"href":"https:\/\/archive.sana.sy\/tr\/index.php?rest_route=%2Fwp%2Fv2%2Fmedia&parent=4000"}],"wp:term":[{"taxonomy":"category","embeddable":true,"href":"https:\/\/archive.sana.sy\/tr\/index.php?rest_route=%2Fwp%2Fv2%2Fcategories&post=4000"},{"taxonomy":"post_tag","embeddable":true,"href":"https:\/\/archive.sana.sy\/tr\/index.php?rest_route=%2Fwp%2Fv2%2Ftags&post=4000"}],"curies":[{"name":"wp","href":"https:\/\/api.w.org\/{rel}","templated":true}]}}