{"id":4004,"date":"2014-06-26T14:21:17","date_gmt":"2014-06-26T11:21:17","guid":{"rendered":"http:\/\/www.sana.sy\/tr\/?p=4004"},"modified":"2014-06-27T15:07:17","modified_gmt":"2014-06-27T12:07:17","slug":"idlibte-29-kisi-teslim-oldu","status":"publish","type":"post","link":"https:\/\/archive.sana.sy\/tr\/?p=4004","title":{"rendered":"Vatan Kuca\u011f\u0131na D\u00f6nmeler Devam Ediyor"},"content":{"rendered":"<p>\u0130LLER \u2013 \u015eam ve k\u0131rsal\u0131n\u0131n yan\u0131 s\u0131ra Haseke ve Deyrezzor illerinden 2014\/22 say\u0131l\u0131 genel af karar\u0131ndan faydalanmak \u00fczere bug\u00fcn 116 ki\u015fi ilgili kurumlara teslim oldu.<\/p>\n<p>Homs k\u0131rsal\u0131n\u0131n Ksayr b\u00f6lgesinde ise muhtelif \u015fekillerde oyuna getirilerek silahl\u0131 eylemlere kat\u0131lan 60 ki\u015fi silahlar\u0131yla teslim olmalar\u0131 ve yeniden ulusal g\u00fcvenli\u011fi tehdit edecek eylemlere kat\u0131lmama taahh\u00fcd\u00fc imzalamalar\u0131 ard\u0131ndan serbest b\u0131rak\u0131ld\u0131lar.<\/p>\n<p>Di\u011fer yandan Tartus Ba\u015fsavc\u0131s\u0131 Muhammed S\u00fcleyman 2014\/22 say\u0131l\u0131 genel af karar\u0131 kapsam\u0131nda 8 ki\u015finin serbest b\u0131rak\u0131ld\u0131\u011f\u0131n\u0131 a\u00e7\u0131klad\u0131.<\/p>\n<p>Bu arada\u00a0\u0130dlib\u2019te silahlar\u0131yla teslim olmalar\u0131 ve ulusal g\u00fcvenli\u011fi tehdit edecek herhangi bir eyleme yeniden kat\u0131lmama taahh\u00fcd\u00fc imzalamalar\u0131 ard\u0131ndan bug\u00fcn 29 ki\u015finin kanuni durumlar\u0131 d\u00fczeltilip serbest b\u0131rak\u0131ld\u0131lar.<\/p>\n<p>2014\/22 say\u0131l\u0131 genel af karar\u0131 kapsam\u0131nda serbest b\u0131rak\u0131lan ki\u015filerle bir araya gelen \u0130dlib Valisi Safvan Ebu Saadi; Valili\u011fin teslim olmak yada genel af karar\u0131ndan faydalanmak isteyen herkesi kucaklamaya haz\u0131r oldu\u011funu belirtti.<\/p>\n<p>Vali Ebu Saadi ulusal uzla\u015fma komitesinin ildeki yan komitesinin haftal\u0131k olarak toplan\u0131p vatan kuca\u011f\u0131na d\u00f6nmek isteyenlerin dosyalar\u0131n\u0131 inceledi\u011fini ve k\u0131sa s\u00fcre i\u00e7inde \u00e7\u00f6z\u00fcmledi\u011fine i\u015faret etti.<\/p>\n","protected":false},"excerpt":{"rendered":"<p>\u0130LLER \u2013 \u015eam ve k\u0131rsal\u0131n\u0131n yan\u0131 s\u0131ra Haseke ve Deyrezzor illerinden 2014\/22 say\u0131l\u0131 genel af karar\u0131ndan faydalanmak \u00fczere bug\u00fcn 116 ki\u015fi ilgili kurumlara teslim oldu. Homs k\u0131rsal\u0131n\u0131n Ksayr b\u00f6lgesinde ise muhtelif \u015fekillerde oyuna getirilerek silahl\u0131 eylemlere kat\u0131lan 60 ki\u015fi silahlar\u0131yla teslim olmalar\u0131 ve yeniden ulusal g\u00fcvenli\u011fi tehdit edecek eylemlere kat\u0131lmama taahh\u00fcd\u00fc imzalamalar\u0131 ard\u0131ndan serbest b\u0131rak\u0131ld\u0131lar. &hellip;<\/p>\n","protected":false},"author":1,"featured_media":4005,"comment_status":"closed","ping_status":"closed","sticky":false,"template":"","format":"standard","meta":{"footnotes":""},"categories":[479,575,478],"tags":[865,872],"class_list":["post-4004","post","type-post","status-publish","format-standard","has-post-thumbnail","","category-haberler-yerel","category-olaylar-ve-gercekler","category-yerel","tag-idlibte-29-kisi-teslim-oldu","tag-vatan-kucagina-donmeler-devam-ediyor"],"_links":{"self":[{"href":"https:\/\/archive.sana.sy\/tr\/index.php?rest_route=\/wp\/v2\/posts\/4004","targetHints":{"allow":["GET"]}}],"collection":[{"href":"https:\/\/archive.sana.sy\/tr\/index.php?rest_route=\/wp\/v2\/posts"}],"about":[{"href":"https:\/\/archive.sana.sy\/tr\/index.php?rest_route=\/wp\/v2\/types\/post"}],"author":[{"embeddable":true,"href":"https:\/\/archive.sana.sy\/tr\/index.php?rest_route=\/wp\/v2\/users\/1"}],"replies":[{"embeddable":true,"href":"https:\/\/archive.sana.sy\/tr\/index.php?rest_route=%2Fwp%2Fv2%2Fcomments&post=4004"}],"version-history":[{"count":0,"href":"https:\/\/archive.sana.sy\/tr\/index.php?rest_route=\/wp\/v2\/posts\/4004\/revisions"}],"wp:featuredmedia":[{"embeddable":true,"href":"https:\/\/archive.sana.sy\/tr\/index.php?rest_route=\/wp\/v2\/media\/4005"}],"wp:attachment":[{"href":"https:\/\/archive.sana.sy\/tr\/index.php?rest_route=%2Fwp%2Fv2%2Fmedia&parent=4004"}],"wp:term":[{"taxonomy":"category","embeddable":true,"href":"https:\/\/archive.sana.sy\/tr\/index.php?rest_route=%2Fwp%2Fv2%2Fcategories&post=4004"},{"taxonomy":"post_tag","embeddable":true,"href":"https:\/\/archive.sana.sy\/tr\/index.php?rest_route=%2Fwp%2Fv2%2Ftags&post=4004"}],"curies":[{"name":"wp","href":"https:\/\/api.w.org\/{rel}","templated":true}]}}