{"id":40115,"date":"2015-07-13T14:53:23","date_gmt":"2015-07-13T11:53:23","guid":{"rendered":"http:\/\/www.sana.sy\/tr\/?p=40115"},"modified":"2015-07-13T15:05:55","modified_gmt":"2015-07-13T12:05:55","slug":"haseke-gencleri-kanlarini-orduya-bagisliyor","status":"publish","type":"post","link":"https:\/\/archive.sana.sy\/tr\/?p=40115","title":{"rendered":"Haseke Gen\u00e7leri Kanlar\u0131n\u0131 Orduya Ba\u011f\u0131\u015fl\u0131yor"},"content":{"rendered":"<p>HASEKE \u2013 F\u0131rat \u00dcniversitesinin Haseke Kentindeki fak\u00fcltelerinde okuyan Hasekeli \u00fcniversite gen\u00e7leri d\u00fcn, onur ve g\u00fcvenliklerini kahramanca savunan ordu birliklerimize takdir ve deste\u011fin bir ifadesi olarak yaral\u0131 askerlere kan ba\u011f\u0131\u015f\u0131 kampanyas\u0131 ba\u015flatt\u0131.<\/p>\n<p>Yakla\u015f\u0131k 150 gencin kat\u0131ld\u0131\u011f\u0131 kampanya kat\u0131l\u0131mc\u0131lar\u0131 Haseke ve ahalisinin ordu birliklerimizin kahramanl\u0131klar\u0131 ve fedakarl\u0131klar\u0131 sayesinde tekfirci ter\u00f6ristlerden korundu\u011funa dikkat \u00e7ekerek, g\u00fcvenliklerini ve onurlar\u0131n\u0131 savunan askerlerimize ve onlar\u0131 destekleyen ulusalc\u0131 g\u00fc\u00e7lere kanlar\u0131n\u0131 ba\u011f\u0131\u015flaman\u0131n kendileri i\u00e7in bir gurur kayna\u011f\u0131 oldu\u011funu ifade etti.<\/p>\n<div id='gallery-1' class='gallery galleryid-40115 gallery-columns-2 gallery-size-medium'><figure class='gallery-item'>\n\t\t\t<div class='gallery-icon landscape'>\n\t\t\t\t<a href='https:\/\/archive.sana.sy\/tr\/wp-content\/uploads\/2015\/07\/Haseke-12.jpg'><img loading=\"lazy\" decoding=\"async\" width=\"300\" height=\"207\" src=\"https:\/\/archive.sana.sy\/tr\/wp-content\/uploads\/2015\/07\/Haseke-12-300x207.jpg\" class=\"attachment-medium size-medium\" alt=\"\" srcset=\"https:\/\/archive.sana.sy\/tr\/wp-content\/uploads\/2015\/07\/Haseke-12-300x207.jpg 300w, https:\/\/archive.sana.sy\/tr\/wp-content\/uploads\/2015\/07\/Haseke-12-150x104.jpg 150w, https:\/\/archive.sana.sy\/tr\/wp-content\/uploads\/2015\/07\/Haseke-12-1024x707.jpg 1024w\" sizes=\"auto, (max-width: 300px) 100vw, 300px\" \/><\/a>\n\t\t\t<\/div><\/figure><figure class='gallery-item'>\n\t\t\t<div class='gallery-icon landscape'>\n\t\t\t\t<a href='https:\/\/archive.sana.sy\/tr\/wp-content\/uploads\/2015\/07\/Haseke-22.jpg'><img loading=\"lazy\" decoding=\"async\" width=\"300\" height=\"188\" src=\"https:\/\/archive.sana.sy\/tr\/wp-content\/uploads\/2015\/07\/Haseke-22-300x188.jpg\" class=\"attachment-medium size-medium\" alt=\"\" srcset=\"https:\/\/archive.sana.sy\/tr\/wp-content\/uploads\/2015\/07\/Haseke-22-300x188.jpg 300w, https:\/\/archive.sana.sy\/tr\/wp-content\/uploads\/2015\/07\/Haseke-22-150x94.jpg 150w, https:\/\/archive.sana.sy\/tr\/wp-content\/uploads\/2015\/07\/Haseke-22-1024x641.jpg 1024w\" sizes=\"auto, (max-width: 300px) 100vw, 300px\" \/><\/a>\n\t\t\t<\/div><\/figure>\n\t\t<\/div>\n\n<p>A.A.<\/p>\n","protected":false},"excerpt":{"rendered":"<p>HASEKE \u2013 F\u0131rat \u00dcniversitesinin Haseke Kentindeki fak\u00fcltelerinde okuyan Hasekeli \u00fcniversite gen\u00e7leri d\u00fcn, onur ve g\u00fcvenliklerini kahramanca savunan ordu birliklerimize takdir ve deste\u011fin bir ifadesi olarak yaral\u0131 askerlere kan ba\u011f\u0131\u015f\u0131 kampanyas\u0131 ba\u015flatt\u0131. Yakla\u015f\u0131k 150 gencin kat\u0131ld\u0131\u011f\u0131 kampanya kat\u0131l\u0131mc\u0131lar\u0131 Haseke ve ahalisinin ordu birliklerimizin kahramanl\u0131klar\u0131 ve fedakarl\u0131klar\u0131 sayesinde tekfirci ter\u00f6ristlerden korundu\u011funa dikkat \u00e7ekerek, g\u00fcvenliklerini ve onurlar\u0131n\u0131 savunan &hellip;<\/p>\n","protected":false},"author":1,"featured_media":40117,"comment_status":"closed","ping_status":"closed","sticky":false,"template":"","format":"standard","meta":{"footnotes":""},"categories":[479,478],"tags":[15798],"class_list":["post-40115","post","type-post","status-publish","format-standard","has-post-thumbnail","","category-haberler-yerel","category-yerel","tag-haseke-gencleri-kanlarini-orduya-bagisliyor"],"_links":{"self":[{"href":"https:\/\/archive.sana.sy\/tr\/index.php?rest_route=\/wp\/v2\/posts\/40115","targetHints":{"allow":["GET"]}}],"collection":[{"href":"https:\/\/archive.sana.sy\/tr\/index.php?rest_route=\/wp\/v2\/posts"}],"about":[{"href":"https:\/\/archive.sana.sy\/tr\/index.php?rest_route=\/wp\/v2\/types\/post"}],"author":[{"embeddable":true,"href":"https:\/\/archive.sana.sy\/tr\/index.php?rest_route=\/wp\/v2\/users\/1"}],"replies":[{"embeddable":true,"href":"https:\/\/archive.sana.sy\/tr\/index.php?rest_route=%2Fwp%2Fv2%2Fcomments&post=40115"}],"version-history":[{"count":0,"href":"https:\/\/archive.sana.sy\/tr\/index.php?rest_route=\/wp\/v2\/posts\/40115\/revisions"}],"wp:featuredmedia":[{"embeddable":true,"href":"https:\/\/archive.sana.sy\/tr\/index.php?rest_route=\/wp\/v2\/media\/40117"}],"wp:attachment":[{"href":"https:\/\/archive.sana.sy\/tr\/index.php?rest_route=%2Fwp%2Fv2%2Fmedia&parent=40115"}],"wp:term":[{"taxonomy":"category","embeddable":true,"href":"https:\/\/archive.sana.sy\/tr\/index.php?rest_route=%2Fwp%2Fv2%2Fcategories&post=40115"},{"taxonomy":"post_tag","embeddable":true,"href":"https:\/\/archive.sana.sy\/tr\/index.php?rest_route=%2Fwp%2Fv2%2Ftags&post=40115"}],"curies":[{"name":"wp","href":"https:\/\/api.w.org\/{rel}","templated":true}]}}