{"id":40130,"date":"2015-07-13T15:41:19","date_gmt":"2015-07-13T12:41:19","guid":{"rendered":"http:\/\/sana.sy\/tr\/?p=40130"},"modified":"2015-07-13T15:41:19","modified_gmt":"2015-07-13T12:41:19","slug":"arap-gurbetciler-arasinda-dayanismanin-onemini-yansitan-iftar-yemegi","status":"publish","type":"post","link":"https:\/\/archive.sana.sy\/tr\/?p=40130","title":{"rendered":"Arap Gurbet\u00e7iler Aras\u0131nda Dayan\u0131\u015fman\u0131n \u00d6nemini Yans\u0131tan \u0130ftar Yeme\u011fi"},"content":{"rendered":"<p>NEW YORK \u2013 Suriye Amerika Forumunun New York \u015eubesi d\u00fcn ak\u015fam New York\u2019ta bir\u00e7ok Arap \u00f6rg\u00fct ve kurum temsilcisinin yan\u0131 s\u0131ra Suriyeli gurbet\u00e7ilerin kat\u0131ld\u0131\u011f\u0131 iftar yeme\u011fi verdi.<\/p>\n<p>\u0130ftar Yeme\u011fine kat\u0131lanlar Arap gurbet\u00e7ilerin Suriye ve halk\u0131n\u0131n maruz kald\u0131\u011f\u0131 evrensel ter\u00f6re kar\u015f\u0131 olduklar\u0131n\u0131n alt\u0131n\u0131 \u00e7izerken ter\u00f6re kar\u015f\u0131 sava\u015fta Suriye ve ordusuna desteklerini ifade etti.<\/p>\n<p>Yemekte k\u0131sa bir konu\u015fma yapan forumun New York \u015fube ba\u015fkan\u0131 Gayyas Musa t\u00fcm Arap gurbet\u00e7iler aras\u0131nda dayan\u0131\u015fman\u0131n \u00f6nemine dikkat \u00e7ekerken; ABD idaresine kendisinin ve m\u00fcttefiklerinin destekledikleri ter\u00f6r\u00fcn tehlikesine dikkat \u00e7ekme \u00f6nemini ifade etti. Musa uluslar aras\u0131 toplumun ter\u00f6rle m\u00fccadelede Suriye ve ordusuyla dayan\u0131\u015fmas\u0131 gere\u011fine vurgu yapt\u0131.<\/p>\n<p>\u0130ftar yeme\u011fine ABD ve Avrupa&#8217;da \u00f6nde gelen bir\u00e7ok dini \u015fahsiyet kat\u0131ld\u0131.<\/p>\n<p>A.A. &#8211; M.M.<\/p>\n","protected":false},"excerpt":{"rendered":"<p>NEW YORK \u2013 Suriye Amerika Forumunun New York \u015eubesi d\u00fcn ak\u015fam New York\u2019ta bir\u00e7ok Arap \u00f6rg\u00fct ve kurum temsilcisinin yan\u0131 s\u0131ra Suriyeli gurbet\u00e7ilerin kat\u0131ld\u0131\u011f\u0131 iftar yeme\u011fi verdi. \u0130ftar Yeme\u011fine kat\u0131lanlar Arap gurbet\u00e7ilerin Suriye ve halk\u0131n\u0131n maruz kald\u0131\u011f\u0131 evrensel ter\u00f6re kar\u015f\u0131 olduklar\u0131n\u0131n alt\u0131n\u0131 \u00e7izerken ter\u00f6re kar\u015f\u0131 sava\u015fta Suriye ve ordusuna desteklerini ifade etti. Yemekte k\u0131sa bir &hellip;<\/p>\n","protected":false},"author":1,"featured_media":40132,"comment_status":"closed","ping_status":"closed","sticky":false,"template":"","format":"standard","meta":{"footnotes":""},"categories":[458,459],"tags":[15804],"class_list":["post-40130","post","type-post","status-publish","format-standard","has-post-thumbnail","","category-dunya1","category-haberler-arap-uluslararasi-politika","tag-arap-gurbetciler-arasinda-dayanismanin-onemini-yansitan-iftar-yemegi"],"_links":{"self":[{"href":"https:\/\/archive.sana.sy\/tr\/index.php?rest_route=\/wp\/v2\/posts\/40130","targetHints":{"allow":["GET"]}}],"collection":[{"href":"https:\/\/archive.sana.sy\/tr\/index.php?rest_route=\/wp\/v2\/posts"}],"about":[{"href":"https:\/\/archive.sana.sy\/tr\/index.php?rest_route=\/wp\/v2\/types\/post"}],"author":[{"embeddable":true,"href":"https:\/\/archive.sana.sy\/tr\/index.php?rest_route=\/wp\/v2\/users\/1"}],"replies":[{"embeddable":true,"href":"https:\/\/archive.sana.sy\/tr\/index.php?rest_route=%2Fwp%2Fv2%2Fcomments&post=40130"}],"version-history":[{"count":0,"href":"https:\/\/archive.sana.sy\/tr\/index.php?rest_route=\/wp\/v2\/posts\/40130\/revisions"}],"wp:featuredmedia":[{"embeddable":true,"href":"https:\/\/archive.sana.sy\/tr\/index.php?rest_route=\/wp\/v2\/media\/40132"}],"wp:attachment":[{"href":"https:\/\/archive.sana.sy\/tr\/index.php?rest_route=%2Fwp%2Fv2%2Fmedia&parent=40130"}],"wp:term":[{"taxonomy":"category","embeddable":true,"href":"https:\/\/archive.sana.sy\/tr\/index.php?rest_route=%2Fwp%2Fv2%2Fcategories&post=40130"},{"taxonomy":"post_tag","embeddable":true,"href":"https:\/\/archive.sana.sy\/tr\/index.php?rest_route=%2Fwp%2Fv2%2Ftags&post=40130"}],"curies":[{"name":"wp","href":"https:\/\/api.w.org\/{rel}","templated":true}]}}