{"id":4032,"date":"2014-06-27T15:00:33","date_gmt":"2014-06-27T12:00:33","guid":{"rendered":"http:\/\/www.sana.sy\/tr\/?p=4032"},"modified":"2014-06-27T21:42:36","modified_gmt":"2014-06-27T18:42:36","slug":"skandal-ve-celiskilerle-dolu-bir-rapor","status":"publish","type":"post","link":"https:\/\/archive.sana.sy\/tr\/?p=4032","title":{"rendered":"Skandal ve \u00c7eli\u015fkilerle Dolu Bir Rapor"},"content":{"rendered":"<p>NEW YORK \u2013 Suriye&#8217;nin Birlemi\u015f Milletlerdeki Daimi Temsilcisi Be\u015f\u015far el Caferi; Uluslararas\u0131 G\u00fcvenlik Konseyinde \u2018Kaide \u00d6rg\u00fct\u00fcne tabi ter\u00f6r olu\u015fumlar\u0131\u2019 olarak s\u0131n\u0131fland\u0131r\u0131lm\u0131\u015f \u00f6rg\u00fctlerin \u2018silahl\u0131 muhalif cemaatler\u2019 olarak nitelendirilmesinin tam anlam\u0131yla bir skandal oldu\u011funu belirtti.<\/p>\n<p>G\u00fcvenlik Konseyinin d\u00fcn \u2018Suriye&#8217;de insani yard\u0131mlar\u0131n ula\u015ft\u0131r\u0131lmas\u0131na ili\u015fkin 2139 say\u0131l\u0131 karar\u0131n hayata ge\u00e7irilmesiyle\u2019 ilgili oturumunda yapt\u0131\u011f\u0131 konu\u015fmada Caferi; BM genel sekreterinin insani i\u015flemler vekili Vallery Amos\u2019un Suriye&#8217;deki insani durumlara ili\u015fkin raporunun Suriye&#8217;deki ger\u00e7ekleri bir b\u00fct\u00fcn olarak almad\u0131\u011f\u0131n\u0131 ve sadece bir b\u00f6l\u00fcm\u00fcn\u00fc yans\u0131tt\u0131\u011f\u0131n\u0131 belirtti.<\/p>\n<p>Caferi raporda bir dizi \u00e7eli\u015fkinin bulundu\u011funa dikkat \u00e7ekerken, skandal say\u0131lacak noktalar\u0131n da bulundu\u011funu belirtti. Nusra Cephesi ve \u2018Irak ve \u015eam \u0130slami Devleti\u2019 adl\u0131 radikal ter\u00f6r olu\u015fumlar\u0131 yada \u2018\u0130slami Cephe\u2019 olarak bilinen tekfircilerin \u2018Silahl\u0131 muhalifler\u2019 olarak adland\u0131r\u0131lmas\u0131n\u0131n tam anlam\u0131yla bir skandal oldu\u011funun alt\u0131n\u0131 \u00e7izdi.<\/p>\n<p>Suriye h\u00fck\u00fcmetinin bir\u00e7ok kez BM genel sekreterli\u011fine bir dizi resmi mektup g\u00f6nderdi\u011fine dikkat \u00e7eken Caferi; raporda kas\u0131tl\u0131 bir \u015fekilde uygun olmayan adland\u0131rmalarla birlikte caiz olmayan bir dil kullan\u0131ld\u0131\u011f\u0131n\u0131 ifade etti.<\/p>\n<p>Caferi raporda ayn\u0131 zamanda Suriye&#8217;de ihtiya\u00e7 sahibi insanlar konusunda hayali rakamlar ge\u00e7ti\u011fine dikkat \u00e7ekerken, Suriye h\u00fck\u00fcmetinin bir\u00e7ok kez BM yetkililerinin uygunsuz ve as\u0131ls\u0131z rakamlar kulland\u0131klar\u0131na dikkat \u00e7ekmesine ra\u011fmen bu rakamlar\u0131n kaynaklar\u0131n\u0131n a\u00e7\u0131klanmad\u0131\u011f\u0131n\u0131 belirtti.<\/p>\n<p>Raporu haz\u0131rlayanlar\u0131n insani g\u00f6revlerini a\u015farak ba\u015fka konular\u0131 da dahil ettiklerine i\u015faret eden Caferi cumhurba\u015fkanl\u0131\u011f\u0131 se\u00e7imlerinin insani durumlarla ne ilgisi oldu\u011fu sorusuna vurgu yapt\u0131.<\/p>\n<p>Caferi Amos\u2019un raporunda ge\u00e7en \u2018BM, \u015fu ana dek Suriye&#8217;de yabanc\u0131 militanlar\u0131n bulundu\u011fu konusunda g\u00fcvenilir bilgiler takdim etmekte aciz kalm\u0131\u015ft\u0131r..\u2019 ifadesine dikkat \u00e7ekerek; Suriye h\u00fck\u00fcmetinin BM genel sekreteri ve G\u00fcvenlik Konseyi ba\u015fkan\u0131na yabanc\u0131 radikallerin bulundu\u011funa dair \u00e7ok say\u0131da belgeli resmi mektuplar g\u00f6nderdi\u011fini belirtti. Bat\u0131l\u0131 yetkililerin de kendi vatanda\u015flar\u0131ndan \u00e7ok say\u0131da ki\u015finin Suriye&#8217;deki silahl\u0131 gruplar saflar\u0131nda yer ald\u0131klar\u0131n\u0131 resmi olarak a\u00e7\u0131klad\u0131klar\u0131na da dikkat \u00e7eken Caferi; ayn\u0131 zamanda say\u0131s\u0131z medya raporunun da Suriye&#8217;de yabanc\u0131 ter\u00f6ristlerin bulundu\u011funu g\u00f6r\u00fcnt\u00fclerle kan\u0131tlad\u0131klar\u0131n\u0131n alt\u0131n\u0131 \u00e7izdi.<\/p>\n<p>Caferi Amos\u2019un raporunda Suriye&#8217;de k\u00f6t\u00fcle\u015fen insani durumlar\u0131n as\u0131l sebebinin ter\u00f6r oldu\u011funu g\u00f6rmezden gelmesinin mant\u0131ks\u0131zl\u0131\u011f\u0131na dikkat \u00e7ekti. Suriye&#8217;de \u00e7okuluslu ter\u00f6r gruplar\u0131n\u0131n bulundu\u011fu ve bu ter\u00f6r gruplar\u0131n\u0131n ekonomik, hizmet ve insani kurumlar\u0131 sistematik bir \u015fekilde hedef ald\u0131klar\u0131n\u0131n belgelerle kan\u0131tlanm\u0131\u015f oldu\u011funa dikkat \u00e7eken Caferi; bunun herkes taraf\u0131ndan bilinmesine ra\u011fmen Amos\u2019un raporunda g\u00f6rmezden gelmesinin tuhafl\u0131\u011f\u0131na vurgu yapt\u0131.<\/p>\n","protected":false},"excerpt":{"rendered":"<p>NEW YORK \u2013 Suriye&#8217;nin Birlemi\u015f Milletlerdeki Daimi Temsilcisi Be\u015f\u015far el Caferi; Uluslararas\u0131 G\u00fcvenlik Konseyinde \u2018Kaide \u00d6rg\u00fct\u00fcne tabi ter\u00f6r olu\u015fumlar\u0131\u2019 olarak s\u0131n\u0131fland\u0131r\u0131lm\u0131\u015f \u00f6rg\u00fctlerin \u2018silahl\u0131 muhalif cemaatler\u2019 olarak nitelendirilmesinin tam anlam\u0131yla bir skandal oldu\u011funu belirtti. G\u00fcvenlik Konseyinin d\u00fcn \u2018Suriye&#8217;de insani yard\u0131mlar\u0131n ula\u015ft\u0131r\u0131lmas\u0131na ili\u015fkin 2139 say\u0131l\u0131 karar\u0131n hayata ge\u00e7irilmesiyle\u2019 ilgili oturumunda yapt\u0131\u011f\u0131 konu\u015fmada Caferi; BM genel sekreterinin insani &hellip;<\/p>\n","protected":false},"author":1,"featured_media":4033,"comment_status":"closed","ping_status":"closed","sticky":false,"template":"","format":"standard","meta":{"footnotes":""},"categories":[458,459,447,584],"tags":[871],"class_list":["post-4032","post","type-post","status-publish","format-standard","has-post-thumbnail","","category-dunya1","category-haberler-arap-uluslararasi-politika","category-politika","category-yurtdisinda-sana-ofisleri","tag-skandal-ve-celiskilerle-dolu-bir-rapor"],"_links":{"self":[{"href":"https:\/\/archive.sana.sy\/tr\/index.php?rest_route=\/wp\/v2\/posts\/4032","targetHints":{"allow":["GET"]}}],"collection":[{"href":"https:\/\/archive.sana.sy\/tr\/index.php?rest_route=\/wp\/v2\/posts"}],"about":[{"href":"https:\/\/archive.sana.sy\/tr\/index.php?rest_route=\/wp\/v2\/types\/post"}],"author":[{"embeddable":true,"href":"https:\/\/archive.sana.sy\/tr\/index.php?rest_route=\/wp\/v2\/users\/1"}],"replies":[{"embeddable":true,"href":"https:\/\/archive.sana.sy\/tr\/index.php?rest_route=%2Fwp%2Fv2%2Fcomments&post=4032"}],"version-history":[{"count":0,"href":"https:\/\/archive.sana.sy\/tr\/index.php?rest_route=\/wp\/v2\/posts\/4032\/revisions"}],"wp:featuredmedia":[{"embeddable":true,"href":"https:\/\/archive.sana.sy\/tr\/index.php?rest_route=\/wp\/v2\/media\/4033"}],"wp:attachment":[{"href":"https:\/\/archive.sana.sy\/tr\/index.php?rest_route=%2Fwp%2Fv2%2Fmedia&parent=4032"}],"wp:term":[{"taxonomy":"category","embeddable":true,"href":"https:\/\/archive.sana.sy\/tr\/index.php?rest_route=%2Fwp%2Fv2%2Fcategories&post=4032"},{"taxonomy":"post_tag","embeddable":true,"href":"https:\/\/archive.sana.sy\/tr\/index.php?rest_route=%2Fwp%2Fv2%2Ftags&post=4032"}],"curies":[{"name":"wp","href":"https:\/\/api.w.org\/{rel}","templated":true}]}}