{"id":4045,"date":"2014-06-27T15:08:39","date_gmt":"2014-06-27T12:08:39","guid":{"rendered":"http:\/\/www.sana.sy\/tr\/?p=4045"},"modified":"2014-06-27T19:03:45","modified_gmt":"2014-06-27T16:03:45","slug":"suriye-halkinin-direnisi-ve-zafere-inanci-kazanan-tarafi-belirleyecek","status":"publish","type":"post","link":"https:\/\/archive.sana.sy\/tr\/?p=4045","title":{"rendered":"Suriye Halk\u0131n\u0131n Direni\u015fi ve Zafere \u0130nanc\u0131 Kazanan Taraf\u0131 Belirleyecek"},"content":{"rendered":"<p>\u015eAM \u2013 Arap Yazarlar Birli\u011finin, Arap Gazeteciler Birli\u011fi ile i\u015fbirli\u011fi i\u00e7erisinde Esad K\u00fct\u00fcphanesinde d\u00fczenledi\u011fi \u201cMilli Diyalog Forumu\u201d d\u00fcnk\u00fc etkinlikleri kapsam\u0131nda, Ulus Devletin maruz kald\u0131\u011f\u0131 meydan okumalara g\u00f6\u011f\u00fcs germek, siyasi partiler ve vatansever g\u00fc\u00e7lerin, direni\u015f\u00e7i ulusal d\u00fc\u015f\u00fcnceleri g\u00fc\u00e7lendirmedeki rol\u00fc tart\u0131\u015f\u0131ld\u0131.<\/p>\n<p>L\u00fcbnan Halk Hareketi Ba\u015fkan\u0131 Necah Vekiym; Suriye\u2019nin maruz kald\u0131\u011f\u0131 sava\u015f\u0131n, b\u00f6lgede \u00fcstlendi\u011fi direni\u015f\u00e7i misyonunun bir sonucu oldu\u011funa i\u015faret ederek Irak ve L\u00fcbnan\u2019da ya\u015fanmakta olanlar\u0131n da bu sava\u015f\u0131n bir uzant\u0131s\u0131 oldu\u011funun alt\u0131n\u0131 \u00e7izdi.<\/p>\n<p>Suriye halk\u0131n\u0131n direni\u015fi ve zafere olan inanc\u0131n\u0131n bu sava\u015f\u0131n sonunda kazanan taraf\u0131 belirleyece\u011fine dikkat \u00e7eken Vekim; Suriye\u2019de Cumhurba\u015fkanl\u0131\u011f\u0131 se\u00e7imlerinde gerek \u00fclke i\u00e7inde gerekse farkl\u0131 \u00fclkelerde Suriye halk\u0131n\u0131n olu\u015fturdu\u011fu kat\u0131l\u0131m tablosunun ba\u015fl\u0131 ba\u015f\u0131na \u015fanl\u0131 bir zafer oldu\u011funu vurgulad\u0131.<\/p>\n","protected":false},"excerpt":{"rendered":"<p>\u015eAM \u2013 Arap Yazarlar Birli\u011finin, Arap Gazeteciler Birli\u011fi ile i\u015fbirli\u011fi i\u00e7erisinde Esad K\u00fct\u00fcphanesinde d\u00fczenledi\u011fi \u201cMilli Diyalog Forumu\u201d d\u00fcnk\u00fc etkinlikleri kapsam\u0131nda, Ulus Devletin maruz kald\u0131\u011f\u0131 meydan okumalara g\u00f6\u011f\u00fcs germek, siyasi partiler ve vatansever g\u00fc\u00e7lerin, direni\u015f\u00e7i ulusal d\u00fc\u015f\u00fcnceleri g\u00fc\u00e7lendirmedeki rol\u00fc tart\u0131\u015f\u0131ld\u0131. L\u00fcbnan Halk Hareketi Ba\u015fkan\u0131 Necah Vekiym; Suriye\u2019nin maruz kald\u0131\u011f\u0131 sava\u015f\u0131n, b\u00f6lgede \u00fcstlendi\u011fi direni\u015f\u00e7i misyonunun bir sonucu &hellip;<\/p>\n","protected":false},"author":1,"featured_media":4046,"comment_status":"closed","ping_status":"closed","sticky":false,"template":"","format":"standard","meta":{"footnotes":""},"categories":[479,447,478],"tags":[874],"class_list":["post-4045","post","type-post","status-publish","format-standard","has-post-thumbnail","","category-haberler-yerel","category-politika","category-yerel","tag-suriye-halkinin-direnisi-ve-zafere-inanci-kazanan-tarafi-belirleyecek"],"_links":{"self":[{"href":"https:\/\/archive.sana.sy\/tr\/index.php?rest_route=\/wp\/v2\/posts\/4045","targetHints":{"allow":["GET"]}}],"collection":[{"href":"https:\/\/archive.sana.sy\/tr\/index.php?rest_route=\/wp\/v2\/posts"}],"about":[{"href":"https:\/\/archive.sana.sy\/tr\/index.php?rest_route=\/wp\/v2\/types\/post"}],"author":[{"embeddable":true,"href":"https:\/\/archive.sana.sy\/tr\/index.php?rest_route=\/wp\/v2\/users\/1"}],"replies":[{"embeddable":true,"href":"https:\/\/archive.sana.sy\/tr\/index.php?rest_route=%2Fwp%2Fv2%2Fcomments&post=4045"}],"version-history":[{"count":0,"href":"https:\/\/archive.sana.sy\/tr\/index.php?rest_route=\/wp\/v2\/posts\/4045\/revisions"}],"wp:featuredmedia":[{"embeddable":true,"href":"https:\/\/archive.sana.sy\/tr\/index.php?rest_route=\/wp\/v2\/media\/4046"}],"wp:attachment":[{"href":"https:\/\/archive.sana.sy\/tr\/index.php?rest_route=%2Fwp%2Fv2%2Fmedia&parent=4045"}],"wp:term":[{"taxonomy":"category","embeddable":true,"href":"https:\/\/archive.sana.sy\/tr\/index.php?rest_route=%2Fwp%2Fv2%2Fcategories&post=4045"},{"taxonomy":"post_tag","embeddable":true,"href":"https:\/\/archive.sana.sy\/tr\/index.php?rest_route=%2Fwp%2Fv2%2Ftags&post=4045"}],"curies":[{"name":"wp","href":"https:\/\/api.w.org\/{rel}","templated":true}]}}