{"id":4048,"date":"2014-06-27T15:11:03","date_gmt":"2014-06-27T12:11:03","guid":{"rendered":"http:\/\/www.sana.sy\/tr\/?p=4048"},"modified":"2014-06-27T15:11:03","modified_gmt":"2014-06-27T12:11:03","slug":"urfali-hukumet-sanayi-uretimini-aktiflestirmeye-onem-veriyor","status":"publish","type":"post","link":"https:\/\/archive.sana.sy\/tr\/?p=4048","title":{"rendered":"Urfal\u0131: H\u00fck\u00fcmet Sanayi \u00dcretimini Aktifle\u015ftirmeye \u00d6nem Veriyor"},"content":{"rendered":"<p>\u015eAM \u2013 Ekonomi ve D\u0131\u015f Ticaret Bakan\u0131 H\u0131d\u0131r Urfal\u0131; h\u00fck\u00fcmetin, silahl\u0131 ter\u00f6r gruplar\u0131n\u0131n faaliyetleri sonucu zarar g\u00f6ren ve tahrip olan sanayi-\u00fcretim kurulu\u015flar\u0131n\u0131n yeniden aktifle\u015ftirilmesine b\u00fcy\u00fck \u00f6nem verdi\u011fini dile getirdi.<\/p>\n<p>D\u00fcn \u015eam K\u0131rsal\u0131nda Vali H\u00fcseyin Mahluf ile birlikte, bir inceleme gezintisi d\u00fczenleyen Urfal\u0131; h\u00fck\u00fcmetin sanayi kurulu\u015flar\u0131n\u0131 ve kalk\u0131nmaya hizmet edecek faaliyetleri desteklemeye devam etti\u011finin alt\u0131n\u0131 \u00e7izdi.<\/p>\n<p>Ter\u00f6r faaliyetleri sonucu zarar g\u00f6ren sanayi kurulu\u015flar\u0131n\u0131n yeniden \u00fcretime ba\u015flamas\u0131 i\u00e7in, h\u00fck\u00fcmetin gerekli b\u00fct\u00fcn kolayl\u0131klar\u0131 sa\u011flayaca\u011f\u0131na dikkat \u00e7eken Urfal\u0131; \u00fclke kap\u0131lar\u0131n\u0131n, ya\u015fanmakta olan kriz nedeniyle \u00fclkeyi terk etmek zorunda kalan vatansever b\u00fct\u00fcn sanayiciler i\u00e7in her zaman a\u00e7\u0131k olaca\u011f\u0131n\u0131 beyan etti.<\/p>\n","protected":false},"excerpt":{"rendered":"<p>\u015eAM \u2013 Ekonomi ve D\u0131\u015f Ticaret Bakan\u0131 H\u0131d\u0131r Urfal\u0131; h\u00fck\u00fcmetin, silahl\u0131 ter\u00f6r gruplar\u0131n\u0131n faaliyetleri sonucu zarar g\u00f6ren ve tahrip olan sanayi-\u00fcretim kurulu\u015flar\u0131n\u0131n yeniden aktifle\u015ftirilmesine b\u00fcy\u00fck \u00f6nem verdi\u011fini dile getirdi. D\u00fcn \u015eam K\u0131rsal\u0131nda Vali H\u00fcseyin Mahluf ile birlikte, bir inceleme gezintisi d\u00fczenleyen Urfal\u0131; h\u00fck\u00fcmetin sanayi kurulu\u015flar\u0131n\u0131 ve kalk\u0131nmaya hizmet edecek faaliyetleri desteklemeye devam etti\u011finin alt\u0131n\u0131 \u00e7izdi. &hellip;<\/p>\n","protected":false},"author":1,"featured_media":4049,"comment_status":"closed","ping_status":"closed","sticky":false,"template":"","format":"standard","meta":{"footnotes":""},"categories":[485,486],"tags":[875],"class_list":["post-4048","post","type-post","status-publish","format-standard","has-post-thumbnail","","category-is-ve-sermaye","category-haberler-is-ve-sermaye","tag-urfali-hukumet-sanayi-uretimini-aktiflestirmeye-onem-veriyor"],"_links":{"self":[{"href":"https:\/\/archive.sana.sy\/tr\/index.php?rest_route=\/wp\/v2\/posts\/4048","targetHints":{"allow":["GET"]}}],"collection":[{"href":"https:\/\/archive.sana.sy\/tr\/index.php?rest_route=\/wp\/v2\/posts"}],"about":[{"href":"https:\/\/archive.sana.sy\/tr\/index.php?rest_route=\/wp\/v2\/types\/post"}],"author":[{"embeddable":true,"href":"https:\/\/archive.sana.sy\/tr\/index.php?rest_route=\/wp\/v2\/users\/1"}],"replies":[{"embeddable":true,"href":"https:\/\/archive.sana.sy\/tr\/index.php?rest_route=%2Fwp%2Fv2%2Fcomments&post=4048"}],"version-history":[{"count":0,"href":"https:\/\/archive.sana.sy\/tr\/index.php?rest_route=\/wp\/v2\/posts\/4048\/revisions"}],"wp:featuredmedia":[{"embeddable":true,"href":"https:\/\/archive.sana.sy\/tr\/index.php?rest_route=\/wp\/v2\/media\/4049"}],"wp:attachment":[{"href":"https:\/\/archive.sana.sy\/tr\/index.php?rest_route=%2Fwp%2Fv2%2Fmedia&parent=4048"}],"wp:term":[{"taxonomy":"category","embeddable":true,"href":"https:\/\/archive.sana.sy\/tr\/index.php?rest_route=%2Fwp%2Fv2%2Fcategories&post=4048"},{"taxonomy":"post_tag","embeddable":true,"href":"https:\/\/archive.sana.sy\/tr\/index.php?rest_route=%2Fwp%2Fv2%2Ftags&post=4048"}],"curies":[{"name":"wp","href":"https:\/\/api.w.org\/{rel}","templated":true}]}}