{"id":40551,"date":"2015-07-16T10:05:21","date_gmt":"2015-07-16T07:05:21","guid":{"rendered":"http:\/\/www.sana.sy\/tr\/?p=40551"},"modified":"2015-07-16T15:11:37","modified_gmt":"2015-07-16T12:11:37","slug":"askeri-kaynak-homs-kirsalinin-dogusu-tedmur-bolgesinde-vadi-abyad-baraji-yakinlari-heyyal-daginin-guneyi-musellesin-kuzeyi-beyyaratin-dogusundaki-tarim-arazileri-bir-kismi-yabanci","status":"publish","type":"post","link":"https:\/\/archive.sana.sy\/tr\/?p=40551","title":{"rendered":"Askeri kaynak Homs k\u0131rsal\u0131n\u0131n do\u011fusu Tedmur B\u00f6lgesinde Vadi Abyad Baraj\u0131 yak\u0131nlar\u0131, Heyyal Da\u011f\u0131n\u0131n g\u00fcneyi, M\u00fcselles\u2019in kuzeyi, Beyyarat\u2019\u0131n do\u011fusundaki tar\u0131m arazileri bir k\u0131sm\u0131 yabanc\u0131 olan I\u015e\u0130D\u2019li \u00e7ok say\u0131da ter\u00f6risti \u00f6ld\u00fcrd\u00fcklerini, a\u011f\u0131r silahla donat\u0131lm\u0131\u015f ara\u00e7 ve cephanelerini de imha ettiklerini belirtti"},"content":{"rendered":"<p>Askeri kaynak Homs k\u0131rsal\u0131n\u0131n do\u011fusu Tedmur B\u00f6lgesinde Vadi Abyad Baraj\u0131 yak\u0131nlar\u0131, Heyyal Da\u011f\u0131n\u0131n g\u00fcneyi, M\u00fcselles\u2019in kuzeyi, Beyyarat\u2019\u0131n do\u011fusundaki tar\u0131m arazileri bir k\u0131sm\u0131 yabanc\u0131 olan I\u015e\u0130D\u2019li \u00e7ok say\u0131da ter\u00f6risti \u00f6ld\u00fcrd\u00fcklerini, a\u011f\u0131r silahla donat\u0131lm\u0131\u015f ara\u00e7 ve cephanelerini de imha ettiklerini belirtti<\/p>\n","protected":false},"excerpt":{"rendered":"<p>Askeri kaynak Homs k\u0131rsal\u0131n\u0131n do\u011fusu Tedmur B\u00f6lgesinde Vadi Abyad Baraj\u0131 yak\u0131nlar\u0131, Heyyal Da\u011f\u0131n\u0131n g\u00fcneyi, M\u00fcselles\u2019in kuzeyi, Beyyarat\u2019\u0131n do\u011fusundaki tar\u0131m arazileri bir k\u0131sm\u0131 yabanc\u0131 olan I\u015e\u0130D\u2019li \u00e7ok say\u0131da ter\u00f6risti \u00f6ld\u00fcrd\u00fcklerini, a\u011f\u0131r silahla donat\u0131lm\u0131\u015f ara\u00e7 ve cephanelerini de imha ettiklerini belirtti<\/p>\n","protected":false},"author":1,"featured_media":0,"comment_status":"closed","ping_status":"closed","sticky":false,"template":"","format":"standard","meta":{"footnotes":""},"categories":[1],"tags":[],"class_list":["post-40551","post","type-post","status-publish","format-standard","","category-news-not-sorted"],"_links":{"self":[{"href":"https:\/\/archive.sana.sy\/tr\/index.php?rest_route=\/wp\/v2\/posts\/40551","targetHints":{"allow":["GET"]}}],"collection":[{"href":"https:\/\/archive.sana.sy\/tr\/index.php?rest_route=\/wp\/v2\/posts"}],"about":[{"href":"https:\/\/archive.sana.sy\/tr\/index.php?rest_route=\/wp\/v2\/types\/post"}],"author":[{"embeddable":true,"href":"https:\/\/archive.sana.sy\/tr\/index.php?rest_route=\/wp\/v2\/users\/1"}],"replies":[{"embeddable":true,"href":"https:\/\/archive.sana.sy\/tr\/index.php?rest_route=%2Fwp%2Fv2%2Fcomments&post=40551"}],"version-history":[{"count":0,"href":"https:\/\/archive.sana.sy\/tr\/index.php?rest_route=\/wp\/v2\/posts\/40551\/revisions"}],"wp:attachment":[{"href":"https:\/\/archive.sana.sy\/tr\/index.php?rest_route=%2Fwp%2Fv2%2Fmedia&parent=40551"}],"wp:term":[{"taxonomy":"category","embeddable":true,"href":"https:\/\/archive.sana.sy\/tr\/index.php?rest_route=%2Fwp%2Fv2%2Fcategories&post=40551"},{"taxonomy":"post_tag","embeddable":true,"href":"https:\/\/archive.sana.sy\/tr\/index.php?rest_route=%2Fwp%2Fv2%2Ftags&post=40551"}],"curies":[{"name":"wp","href":"https:\/\/api.w.org\/{rel}","templated":true}]}}