{"id":40571,"date":"2015-07-16T16:08:24","date_gmt":"2015-07-16T13:08:24","guid":{"rendered":"http:\/\/sana.sy\/tr\/?p=40571"},"modified":"2015-07-16T16:45:57","modified_gmt":"2015-07-16T13:45:57","slug":"kent-meclisinin-daveti-uzerine-suriyedeki-savasin-gerceklerine-isik-tuttu","status":"publish","type":"post","link":"https:\/\/archive.sana.sy\/tr\/?p=40571","title":{"rendered":"Kent Meclisinin Daveti \u00dczerine Suriye&#8217;deki Sava\u015f\u0131n Ger\u00e7eklerine I\u015f\u0131k Tuttu"},"content":{"rendered":"<p>ROMA \u2013 \u0130talya\u2019da antik Floransa \u015eehir Meclisinin daveti \u00fczerine Suriyeli Gurbet\u00e7iler Cemiyeti Ba\u015fkan\u0131 Cemal Ebu Abbas Suriye&#8217;nin devlet ve halk olarak maruz kald\u0131\u011f\u0131 evrensel ter\u00f6r sava\u015f\u0131n\u0131n ger\u00e7eklerine \u0131\u015f\u0131k tutan bir panel d\u00fczenledi.<\/p>\n<p>Panelde Ebu Abbas Suriye&#8217;de d\u0131\u015f g\u00fc\u00e7lerin muhtelif adland\u0131rmalar ad\u0131 alt\u0131nda destekledikleri ter\u00f6r sava\u015f\u0131n\u0131n ger\u00e7e\u011fine \u0131\u015f\u0131k tutarken bu sava\u015f\u0131n d\u00fcnyan\u0131n emperyalist ve s\u00f6m\u00fcr\u00fcc\u00fc g\u00fc\u00e7lerinin hesaplar\u0131na hizmet etti\u011fini belirtti.<\/p>\n<p>Ebu Abbas Suriye halk\u0131n\u0131n bu sava\u015f ve kimi devletlerin uygulad\u0131klar\u0131 ekonomik yapt\u0131r\u0131mlar nedeniyle ya\u015fad\u0131klar\u0131 zor ko\u015fullara vurgu yapt\u0131.<\/p>\n<p>Suriye&#8217;nin her daim ba\u011f\u0131ms\u0131zl\u0131k, ortak ya\u015fam, haklar\u0131n korunmas\u0131, konukseverlik, kalk\u0131nma ve laikli\u011fin bir modeli oldu\u011funa dikkat \u00e7eken Ebu Abbas; be\u015f y\u0131ld\u0131r 84 \u00fclkeden toplanan az\u0131l\u0131 katiller, tekfirciler ve vatan hainlerinin edat olarak kullan\u0131ld\u0131klar\u0131 bir sava\u015fa maruz kald\u0131\u011f\u0131n\u0131 ifade etti. Ebu Abbas bu sava\u015fta d\u0131\u015f g\u00fc\u00e7lerin destekleyip y\u00f6nlendirdikleri ter\u00f6r \u00e7etelerinin masum sivilleri nas\u0131l hedef al\u0131p hizmet kurumlar\u0131n\u0131 ve \u015febekelerini sabote ettiklerine vurgu yapan Ebu Abbas; \u2018\u0131l\u0131ml\u0131 muhalifler\u2019 yada \u2018devrimciler\u2019 olarak adland\u0131r\u0131lan \u00e7etelerin tekfircilerden farklar\u0131 olmad\u0131\u011f\u0131n\u0131 belirtti. Ebu Abbas bu \u00e7etelerin maddi \u00e7\u0131karlar\u0131 do\u011frultusunda ter\u00f6r \u00f6rg\u00fctleri aras\u0131nda saflar\u0131n\u0131 de\u011fi\u015ftirdiklerini belirterek, I\u015e\u0130D ve Nusra Cephesi saflar\u0131na gruplar halinde intikal ettiklerinin alt\u0131n\u0131 \u00e7izdi.<\/p>\n<p>Ebu Abbas Suriye&#8217;deki sava\u015f\u0131n ba\u015fta ABD, Suudi Arabistan, Katar, \u00dcrd\u00fcn ve T\u00fcrkiye&#8217;deki ihvanc\u0131 rejimin ter\u00f6re destekleri nedeniyle devam etti\u011fine vurgu yaparak, bu rejimlerin Suriye&#8217;de masum insanlar\u0131n kanlar\u0131n\u0131n ak\u0131t\u0131lmas\u0131 ve ya\u015fanan y\u0131k\u0131mda oynad\u0131klar\u0131 role \u0131\u015f\u0131k tuttu.<\/p>\n<p>A.A. &#8211; M.M.<\/p>\n","protected":false},"excerpt":{"rendered":"<p>ROMA \u2013 \u0130talya\u2019da antik Floransa \u015eehir Meclisinin daveti \u00fczerine Suriyeli Gurbet\u00e7iler Cemiyeti Ba\u015fkan\u0131 Cemal Ebu Abbas Suriye&#8217;nin devlet ve halk olarak maruz kald\u0131\u011f\u0131 evrensel ter\u00f6r sava\u015f\u0131n\u0131n ger\u00e7eklerine \u0131\u015f\u0131k tutan bir panel d\u00fczenledi. Panelde Ebu Abbas Suriye&#8217;de d\u0131\u015f g\u00fc\u00e7lerin muhtelif adland\u0131rmalar ad\u0131 alt\u0131nda destekledikleri ter\u00f6r sava\u015f\u0131n\u0131n ger\u00e7e\u011fine \u0131\u015f\u0131k tutarken bu sava\u015f\u0131n d\u00fcnyan\u0131n emperyalist ve s\u00f6m\u00fcr\u00fcc\u00fc g\u00fc\u00e7lerinin &hellip;<\/p>\n","protected":false},"author":1,"featured_media":40572,"comment_status":"closed","ping_status":"closed","sticky":false,"template":"","format":"standard","meta":{"footnotes":""},"categories":[458,459,447,2554,2555],"tags":[15863],"class_list":["post-40571","post","type-post","status-publish","format-standard","has-post-thumbnail","","category-dunya1","category-haberler-arap-uluslararasi-politika","category-politika","category-suriye-ve-dunya","category-suriye-ve-turkiye","tag-kent-meclisinin-daveti-uzerine-suriyedeki-savasin-gerceklerine-isik-tuttu"],"_links":{"self":[{"href":"https:\/\/archive.sana.sy\/tr\/index.php?rest_route=\/wp\/v2\/posts\/40571","targetHints":{"allow":["GET"]}}],"collection":[{"href":"https:\/\/archive.sana.sy\/tr\/index.php?rest_route=\/wp\/v2\/posts"}],"about":[{"href":"https:\/\/archive.sana.sy\/tr\/index.php?rest_route=\/wp\/v2\/types\/post"}],"author":[{"embeddable":true,"href":"https:\/\/archive.sana.sy\/tr\/index.php?rest_route=\/wp\/v2\/users\/1"}],"replies":[{"embeddable":true,"href":"https:\/\/archive.sana.sy\/tr\/index.php?rest_route=%2Fwp%2Fv2%2Fcomments&post=40571"}],"version-history":[{"count":0,"href":"https:\/\/archive.sana.sy\/tr\/index.php?rest_route=\/wp\/v2\/posts\/40571\/revisions"}],"wp:featuredmedia":[{"embeddable":true,"href":"https:\/\/archive.sana.sy\/tr\/index.php?rest_route=\/wp\/v2\/media\/40572"}],"wp:attachment":[{"href":"https:\/\/archive.sana.sy\/tr\/index.php?rest_route=%2Fwp%2Fv2%2Fmedia&parent=40571"}],"wp:term":[{"taxonomy":"category","embeddable":true,"href":"https:\/\/archive.sana.sy\/tr\/index.php?rest_route=%2Fwp%2Fv2%2Fcategories&post=40571"},{"taxonomy":"post_tag","embeddable":true,"href":"https:\/\/archive.sana.sy\/tr\/index.php?rest_route=%2Fwp%2Fv2%2Ftags&post=40571"}],"curies":[{"name":"wp","href":"https:\/\/api.w.org\/{rel}","templated":true}]}}