{"id":4060,"date":"2014-06-27T15:57:43","date_gmt":"2014-06-27T12:57:43","guid":{"rendered":"http:\/\/www.sana.sy\/tr\/?p=4060"},"modified":"2014-06-28T10:20:19","modified_gmt":"2014-06-28T07:20:19","slug":"halepte-yeni-zaferlere-imza-atiliyor","status":"publish","type":"post","link":"https:\/\/archive.sana.sy\/tr\/?p=4060","title":{"rendered":"Halep\u2019te Yeni Zaferlere \u0130mza At\u0131l\u0131yor"},"content":{"rendered":"<p>HALEP \u2013 Vatan koruyucular\u0131 ordu birliklerimiz Halep k\u0131rsal\u0131n\u0131n Beyt Cneyd Ta\u015foca\u011f\u0131 ve \u00dc\u00e7\u00fcnc\u00fc B\u00f6lgede Elektrik \u0130stasyonu b\u00f6lgelerini tamamen kontrol\u00fcne ald\u0131.<\/p>\n<p>Askeri bir kaynak vatan koruyucular\u0131m\u0131z\u0131n b\u00f6lgede aralar\u0131nda bir\u00e7ok yabanc\u0131n\u0131n bulundu\u011fu \u00e7ok say\u0131da ter\u00f6risti silah ve ara\u00e7lar\u0131yla birlikte etkisiz olarak ele ge\u00e7irdiklerini belirtti. Kaynak bomba imha ekiplerinin de ter\u00f6ristlerin iki b\u00f6lgeden bertaraf olmadan \u00f6nce yerle\u015ftirmi\u015f olduklar\u0131 bir\u00e7ok bomba d\u00fczene\u011fi ve bubi tuza\u011f\u0131n\u0131 etkisiz hale getirdiklerini s\u00f6yledi.<\/p>\n","protected":false},"excerpt":{"rendered":"<p>HALEP \u2013 Vatan koruyucular\u0131 ordu birliklerimiz Halep k\u0131rsal\u0131n\u0131n Beyt Cneyd Ta\u015foca\u011f\u0131 ve \u00dc\u00e7\u00fcnc\u00fc B\u00f6lgede Elektrik \u0130stasyonu b\u00f6lgelerini tamamen kontrol\u00fcne ald\u0131. Askeri bir kaynak vatan koruyucular\u0131m\u0131z\u0131n b\u00f6lgede aralar\u0131nda bir\u00e7ok yabanc\u0131n\u0131n bulundu\u011fu \u00e7ok say\u0131da ter\u00f6risti silah ve ara\u00e7lar\u0131yla birlikte etkisiz olarak ele ge\u00e7irdiklerini belirtti. Kaynak bomba imha ekiplerinin de ter\u00f6ristlerin iki b\u00f6lgeden bertaraf olmadan \u00f6nce yerle\u015ftirmi\u015f olduklar\u0131 &hellip;<\/p>\n","protected":false},"author":1,"featured_media":4061,"comment_status":"closed","ping_status":"closed","sticky":false,"template":"","format":"standard","meta":{"footnotes":""},"categories":[575],"tags":[878],"class_list":["post-4060","post","type-post","status-publish","format-standard","has-post-thumbnail","","category-olaylar-ve-gercekler","tag-halepte-yeni-zaferlere-imza-atiliyor"],"_links":{"self":[{"href":"https:\/\/archive.sana.sy\/tr\/index.php?rest_route=\/wp\/v2\/posts\/4060","targetHints":{"allow":["GET"]}}],"collection":[{"href":"https:\/\/archive.sana.sy\/tr\/index.php?rest_route=\/wp\/v2\/posts"}],"about":[{"href":"https:\/\/archive.sana.sy\/tr\/index.php?rest_route=\/wp\/v2\/types\/post"}],"author":[{"embeddable":true,"href":"https:\/\/archive.sana.sy\/tr\/index.php?rest_route=\/wp\/v2\/users\/1"}],"replies":[{"embeddable":true,"href":"https:\/\/archive.sana.sy\/tr\/index.php?rest_route=%2Fwp%2Fv2%2Fcomments&post=4060"}],"version-history":[{"count":0,"href":"https:\/\/archive.sana.sy\/tr\/index.php?rest_route=\/wp\/v2\/posts\/4060\/revisions"}],"wp:featuredmedia":[{"embeddable":true,"href":"https:\/\/archive.sana.sy\/tr\/index.php?rest_route=\/wp\/v2\/media\/4061"}],"wp:attachment":[{"href":"https:\/\/archive.sana.sy\/tr\/index.php?rest_route=%2Fwp%2Fv2%2Fmedia&parent=4060"}],"wp:term":[{"taxonomy":"category","embeddable":true,"href":"https:\/\/archive.sana.sy\/tr\/index.php?rest_route=%2Fwp%2Fv2%2Fcategories&post=4060"},{"taxonomy":"post_tag","embeddable":true,"href":"https:\/\/archive.sana.sy\/tr\/index.php?rest_route=%2Fwp%2Fv2%2Ftags&post=4060"}],"curies":[{"name":"wp","href":"https:\/\/api.w.org\/{rel}","templated":true}]}}