{"id":4063,"date":"2014-06-27T16:55:03","date_gmt":"2014-06-27T13:55:03","guid":{"rendered":"http:\/\/www.sana.sy\/tr\/?p=4063"},"modified":"2014-06-27T17:24:50","modified_gmt":"2014-06-27T14:24:50","slug":"tum-dunya-ulkeleri-saygi-duymalidir","status":"publish","type":"post","link":"https:\/\/archive.sana.sy\/tr\/?p=4063","title":{"rendered":"T\u00fcm D\u00fcnya \u00dclkeleri Sayg\u0131 Duymal\u0131d\u0131r"},"content":{"rendered":"<p>MOSKOVA \u2013 Bolivya Parlamentosu Ba\u015fkan\u0131 Marcilo Alyo Chavez Suriye&#8217;de yap\u0131lan cumhurba\u015fkanl\u0131\u011f\u0131 se\u00e7imlerinin d\u00fcr\u00fcst ve me\u015fru se\u00e7imler oldu\u011funu belirterek, t\u00fcm d\u00fcnya \u00fclkelerinin bu se\u00e7imlere sayg\u0131 duymas\u0131 gerekti\u011finin alt\u0131n\u0131 \u00e7izdi.<\/p>\n<p>Rusya&#8217;da d\u00fczenlenen 3. Uluslar aras\u0131 Parlamentolar Forumuna kat\u0131l\u0131m\u0131 \u00e7er\u00e7evesinde K\u00fcbal\u0131 Pransa Latina Ajans\u0131na yapt\u0131\u011f\u0131 a\u00e7\u0131klamada Alyo Chavez; Suriye&#8217;de bir k\u0131s\u0131m b\u00f6lgelerdeki zor g\u00fcvenlik durumlar\u0131na ra\u011fmen Suriye halk\u0131n\u0131n t\u00fcm kesimleri ve bile\u015fenleriyle cumhurba\u015fkanl\u0131\u011f\u0131 se\u00e7imlerine olduk\u00e7a yo\u011fun bir kat\u0131l\u0131m sa\u011flad\u0131\u011f\u0131na dikkat \u00e7ekti.<\/p>\n<p>Alyo Chavez Cumhurba\u015fkan\u0131 Be\u015f\u015far el Esad\u2019\u0131n se\u00e7imleri mutlak \u00e7o\u011funlukla kazanmas\u0131ndan mutlulu\u011funu ifade ederek, Suriye halk\u0131n\u0131n b\u00fcy\u00fck b\u00f6l\u00fcm\u00fcn\u00fcn el Esad\u2019\u0131 destekledi\u011fini ve etraf\u0131nda kenetlendi\u011fine vuru yapt\u0131.<\/p>\n<p>03 Haziranda yap\u0131lan se\u00e7imleri g\u00f6zlemleyen uluslar aras\u0131 parlamenter heyette kendisinin de yer ald\u0131\u011f\u0131na i\u015faret eden Alyo Chavez; Suriye halk\u0131n\u0131n mutlak \u00e7o\u011funlu\u011funun el Esad\u2019\u0131 destekledi\u011fini kendi g\u00f6zleriyle g\u00f6rd\u00fc\u011f\u00fcne dikkat \u00e7ekti.<\/p>\n<p>ABD\u2019nin m\u00fcttefikleri ve ta\u015feronlar\u0131yla birlikte d\u00fcnyada bir\u00e7ok \u00fclkenin i\u00e7i\u015flerine ve egemenli\u011fine m\u00fcdahale etmesini \u015fiddetle k\u0131nad\u0131\u011f\u0131n\u0131 belirten Alyo Chavez; halklar\u0131n egemenli\u011fi ve kendi gelece\u011fini belirleme haklar\u0131na vurgu yapt\u0131.<\/p>\n","protected":false},"excerpt":{"rendered":"<p>MOSKOVA \u2013 Bolivya Parlamentosu Ba\u015fkan\u0131 Marcilo Alyo Chavez Suriye&#8217;de yap\u0131lan cumhurba\u015fkanl\u0131\u011f\u0131 se\u00e7imlerinin d\u00fcr\u00fcst ve me\u015fru se\u00e7imler oldu\u011funu belirterek, t\u00fcm d\u00fcnya \u00fclkelerinin bu se\u00e7imlere sayg\u0131 duymas\u0131 gerekti\u011finin alt\u0131n\u0131 \u00e7izdi. Rusya&#8217;da d\u00fczenlenen 3. Uluslar aras\u0131 Parlamentolar Forumuna kat\u0131l\u0131m\u0131 \u00e7er\u00e7evesinde K\u00fcbal\u0131 Pransa Latina Ajans\u0131na yapt\u0131\u011f\u0131 a\u00e7\u0131klamada Alyo Chavez; Suriye&#8217;de bir k\u0131s\u0131m b\u00f6lgelerdeki zor g\u00fcvenlik durumlar\u0131na ra\u011fmen Suriye halk\u0131n\u0131n &hellip;<\/p>\n","protected":false},"author":1,"featured_media":4064,"comment_status":"closed","ping_status":"closed","sticky":false,"template":"","format":"standard","meta":{"footnotes":""},"categories":[458,459,447,584],"tags":[879],"class_list":["post-4063","post","type-post","status-publish","format-standard","has-post-thumbnail","","category-dunya1","category-haberler-arap-uluslararasi-politika","category-politika","category-yurtdisinda-sana-ofisleri","tag-tum-dunya-ulkeleri-saygi-duymalidir"],"_links":{"self":[{"href":"https:\/\/archive.sana.sy\/tr\/index.php?rest_route=\/wp\/v2\/posts\/4063","targetHints":{"allow":["GET"]}}],"collection":[{"href":"https:\/\/archive.sana.sy\/tr\/index.php?rest_route=\/wp\/v2\/posts"}],"about":[{"href":"https:\/\/archive.sana.sy\/tr\/index.php?rest_route=\/wp\/v2\/types\/post"}],"author":[{"embeddable":true,"href":"https:\/\/archive.sana.sy\/tr\/index.php?rest_route=\/wp\/v2\/users\/1"}],"replies":[{"embeddable":true,"href":"https:\/\/archive.sana.sy\/tr\/index.php?rest_route=%2Fwp%2Fv2%2Fcomments&post=4063"}],"version-history":[{"count":0,"href":"https:\/\/archive.sana.sy\/tr\/index.php?rest_route=\/wp\/v2\/posts\/4063\/revisions"}],"wp:featuredmedia":[{"embeddable":true,"href":"https:\/\/archive.sana.sy\/tr\/index.php?rest_route=\/wp\/v2\/media\/4064"}],"wp:attachment":[{"href":"https:\/\/archive.sana.sy\/tr\/index.php?rest_route=%2Fwp%2Fv2%2Fmedia&parent=4063"}],"wp:term":[{"taxonomy":"category","embeddable":true,"href":"https:\/\/archive.sana.sy\/tr\/index.php?rest_route=%2Fwp%2Fv2%2Fcategories&post=4063"},{"taxonomy":"post_tag","embeddable":true,"href":"https:\/\/archive.sana.sy\/tr\/index.php?rest_route=%2Fwp%2Fv2%2Ftags&post=4063"}],"curies":[{"name":"wp","href":"https:\/\/api.w.org\/{rel}","templated":true}]}}