{"id":4070,"date":"2014-06-27T17:37:53","date_gmt":"2014-06-27T14:37:53","guid":{"rendered":"http:\/\/www.sana.sy\/tr\/?p=4070"},"modified":"2014-06-27T18:27:36","modified_gmt":"2014-06-27T15:27:36","slug":"icisleri-bakani-hama-kirsalinda","status":"publish","type":"post","link":"https:\/\/archive.sana.sy\/tr\/?p=4070","title":{"rendered":"\u0130\u00e7i\u015fleri Bakan\u0131 Hama K\u0131rsal\u0131nda"},"content":{"rendered":"<p>HAMA \u2013 \u0130\u00e7i\u015fleri Bakan\u0131 Muhammed el \u015eear; h\u00fck\u00fcmetin ter\u00f6r eylemlerinden zarar g\u00f6renler, \u015fehit aileleri ve yaral\u0131lar\u0131n ihtiya\u00e7lar\u0131n\u0131n kar\u015f\u0131lanmas\u0131na b\u00fcy\u00fck bir \u00f6nem verdi\u011fini belirtti.<\/p>\n<p><a href=\"http:\/\/www.sana.sy\/tr\/wp-content\/uploads\/2014\/06\/i\u00e7i\u015fleri-bakan\u0131-21.jpg\"><img loading=\"lazy\" decoding=\"async\" class=\"alignright wp-image-4072 size-full\" src=\"http:\/\/www.sana.sy\/tr\/wp-content\/uploads\/2014\/06\/i\u00e7i\u015fleri-bakan\u0131-21.jpg\" alt=\"i\u00e7i\u015fleri bakan\u0131 2\" width=\"400\" height=\"269\" srcset=\"https:\/\/archive.sana.sy\/tr\/wp-content\/uploads\/2014\/06\/i\u00e7i\u015fleri-bakan\u0131-21.jpg 400w, https:\/\/archive.sana.sy\/tr\/wp-content\/uploads\/2014\/06\/i\u00e7i\u015fleri-bakan\u0131-21-150x100.jpg 150w, https:\/\/archive.sana.sy\/tr\/wp-content\/uploads\/2014\/06\/i\u00e7i\u015fleri-bakan\u0131-21-300x201.jpg 300w\" sizes=\"auto, (max-width: 400px) 100vw, 400px\" \/><\/a>Ge\u00e7en Cuma g\u00fcn\u00fc onlarca masum sivil vatanda\u015f\u0131n \u015fehit yaral\u0131 d\u00fc\u015fmelerine neden olan b\u00fcy\u00fck bir bombal\u0131 ter\u00f6r eylemine maruz kalan Hama k\u0131rsal\u0131n\u0131n el Hurra K\u00f6y\u00fcnde saha incelemelerinde bulunan Bakan \u015eear; bu gibi gaddar ter\u00f6r eylemlerin ter\u00f6r gruplar\u0131 ve onlar\u0131 destekleyenlerin zay\u0131fl\u0131\u011f\u0131n\u0131 yans\u0131tt\u0131\u011f\u0131na dikkat \u00e7ekti.<\/p>\n<p>Saha ziyaretinde Bakan \u015eear k\u00f6yl\u00fclerle sohbet ederek ter\u00f6r eylemleri nedeniyle ya\u015fad\u0131klar\u0131 durumlar ve maruz kald\u0131klar\u0131 hasar hakk\u0131nda bilgi ald\u0131.<\/p>\n<p>\u0130\u00e7i\u015fleri Bakan\u0131n\u0131n saha gezisine Hama Valisi Gassan el Halef, Baas Partisi \u0130l Ba\u015fkan\u0131 Muhammed el \u0130madi, \u0130l Emniyet M\u00fcd\u00fcr\u00fc Fayiz Gazi el Muhammed ve \u0130l Meclisi Ba\u015fkan\u0131 Cemil Yusuf\u2019un yan\u0131 s\u0131ra M\u00fcsl\u00fcman ve H\u0131ristiyan din adamlar\u0131 e\u015flik etti.<\/p>\n","protected":false},"excerpt":{"rendered":"<p>HAMA \u2013 \u0130\u00e7i\u015fleri Bakan\u0131 Muhammed el \u015eear; h\u00fck\u00fcmetin ter\u00f6r eylemlerinden zarar g\u00f6renler, \u015fehit aileleri ve yaral\u0131lar\u0131n ihtiya\u00e7lar\u0131n\u0131n kar\u015f\u0131lanmas\u0131na b\u00fcy\u00fck bir \u00f6nem verdi\u011fini belirtti. Ge\u00e7en Cuma g\u00fcn\u00fc onlarca masum sivil vatanda\u015f\u0131n \u015fehit yaral\u0131 d\u00fc\u015fmelerine neden olan b\u00fcy\u00fck bir bombal\u0131 ter\u00f6r eylemine maruz kalan Hama k\u0131rsal\u0131n\u0131n el Hurra K\u00f6y\u00fcnde saha incelemelerinde bulunan Bakan \u015eear; bu gibi gaddar &hellip;<\/p>\n","protected":false},"author":1,"featured_media":4071,"comment_status":"closed","ping_status":"closed","sticky":false,"template":"","format":"standard","meta":{"footnotes":""},"categories":[596,479,478],"tags":[880],"class_list":["post-4070","post","type-post","status-publish","format-standard","has-post-thumbnail","","category-fotografli-raporlar","category-haberler-yerel","category-yerel","tag-icisleri-bakani-hama-kirsalinda"],"_links":{"self":[{"href":"https:\/\/archive.sana.sy\/tr\/index.php?rest_route=\/wp\/v2\/posts\/4070","targetHints":{"allow":["GET"]}}],"collection":[{"href":"https:\/\/archive.sana.sy\/tr\/index.php?rest_route=\/wp\/v2\/posts"}],"about":[{"href":"https:\/\/archive.sana.sy\/tr\/index.php?rest_route=\/wp\/v2\/types\/post"}],"author":[{"embeddable":true,"href":"https:\/\/archive.sana.sy\/tr\/index.php?rest_route=\/wp\/v2\/users\/1"}],"replies":[{"embeddable":true,"href":"https:\/\/archive.sana.sy\/tr\/index.php?rest_route=%2Fwp%2Fv2%2Fcomments&post=4070"}],"version-history":[{"count":0,"href":"https:\/\/archive.sana.sy\/tr\/index.php?rest_route=\/wp\/v2\/posts\/4070\/revisions"}],"wp:featuredmedia":[{"embeddable":true,"href":"https:\/\/archive.sana.sy\/tr\/index.php?rest_route=\/wp\/v2\/media\/4071"}],"wp:attachment":[{"href":"https:\/\/archive.sana.sy\/tr\/index.php?rest_route=%2Fwp%2Fv2%2Fmedia&parent=4070"}],"wp:term":[{"taxonomy":"category","embeddable":true,"href":"https:\/\/archive.sana.sy\/tr\/index.php?rest_route=%2Fwp%2Fv2%2Fcategories&post=4070"},{"taxonomy":"post_tag","embeddable":true,"href":"https:\/\/archive.sana.sy\/tr\/index.php?rest_route=%2Fwp%2Fv2%2Ftags&post=4070"}],"curies":[{"name":"wp","href":"https:\/\/api.w.org\/{rel}","templated":true}]}}