{"id":40747,"date":"2015-07-18T09:21:35","date_gmt":"2015-07-18T06:21:35","guid":{"rendered":"http:\/\/www.sana.sy\/tr\/?p=40747"},"modified":"2015-07-18T13:34:19","modified_gmt":"2015-07-18T10:34:19","slug":"sanaya-aciklama-yapan-askeri-bir-kaynak-ordu-birliklerimizin-sam-kirsalinin-batisi-lubnan-sinirlarina-yakin-zebadani-kentinde-lubnan-ulusal-direnis-gucleriyle-isbirligi-icinde-tekfirci-terori","status":"publish","type":"post","link":"https:\/\/archive.sana.sy\/tr\/?p=40747","title":{"rendered":"SANA\u2019ya a\u00e7\u0131klama yapan askeri bir kaynak ordu birliklerimizin \u015eam k\u0131rsal\u0131n\u0131n bat\u0131s\u0131 L\u00fcbnan s\u0131n\u0131rlar\u0131na yak\u0131n Zebadani Kentinde L\u00fcbnan ulusal direni\u015f g\u00fc\u00e7leriyle i\u015fbirli\u011fi i\u00e7inde tekfirci ter\u00f6ristleri s\u0131k\u0131 bir pusuya d\u00fc\u015f\u00fcrd\u00fcklerini belirtti. Kaynak pusuda 40 ter\u00f6ristin \u00f6ld\u00fcr\u00fcld\u00fc\u011f\u00fcn\u00fc aktard\u0131."},"content":{"rendered":"<p>SANA\u2019ya a\u00e7\u0131klama yapan askeri bir kaynak ordu birliklerimizin \u015eam k\u0131rsal\u0131n\u0131n bat\u0131s\u0131 L\u00fcbnan s\u0131n\u0131rlar\u0131na yak\u0131n Zebadani Kentinde L\u00fcbnan ulusal direni\u015f g\u00fc\u00e7leriyle i\u015fbirli\u011fi i\u00e7inde tekfirci ter\u00f6ristleri s\u0131k\u0131 bir pusuya d\u00fc\u015f\u00fcrd\u00fcklerini belirtti. Kaynak pusuda 40 ter\u00f6ristin \u00f6ld\u00fcr\u00fcld\u00fc\u011f\u00fcn\u00fc aktard\u0131<\/p>\n","protected":false},"excerpt":{"rendered":"<p>SANA\u2019ya a\u00e7\u0131klama yapan askeri bir kaynak ordu birliklerimizin \u015eam k\u0131rsal\u0131n\u0131n bat\u0131s\u0131 L\u00fcbnan s\u0131n\u0131rlar\u0131na yak\u0131n Zebadani Kentinde L\u00fcbnan ulusal direni\u015f g\u00fc\u00e7leriyle i\u015fbirli\u011fi i\u00e7inde tekfirci ter\u00f6ristleri s\u0131k\u0131 bir pusuya d\u00fc\u015f\u00fcrd\u00fcklerini belirtti. Kaynak pusuda 40 ter\u00f6ristin \u00f6ld\u00fcr\u00fcld\u00fc\u011f\u00fcn\u00fc aktard\u0131<\/p>\n","protected":false},"author":1,"featured_media":0,"comment_status":"closed","ping_status":"closed","sticky":false,"template":"","format":"standard","meta":{"footnotes":""},"categories":[1],"tags":[],"class_list":["post-40747","post","type-post","status-publish","format-standard","","category-news-not-sorted"],"_links":{"self":[{"href":"https:\/\/archive.sana.sy\/tr\/index.php?rest_route=\/wp\/v2\/posts\/40747","targetHints":{"allow":["GET"]}}],"collection":[{"href":"https:\/\/archive.sana.sy\/tr\/index.php?rest_route=\/wp\/v2\/posts"}],"about":[{"href":"https:\/\/archive.sana.sy\/tr\/index.php?rest_route=\/wp\/v2\/types\/post"}],"author":[{"embeddable":true,"href":"https:\/\/archive.sana.sy\/tr\/index.php?rest_route=\/wp\/v2\/users\/1"}],"replies":[{"embeddable":true,"href":"https:\/\/archive.sana.sy\/tr\/index.php?rest_route=%2Fwp%2Fv2%2Fcomments&post=40747"}],"version-history":[{"count":0,"href":"https:\/\/archive.sana.sy\/tr\/index.php?rest_route=\/wp\/v2\/posts\/40747\/revisions"}],"wp:attachment":[{"href":"https:\/\/archive.sana.sy\/tr\/index.php?rest_route=%2Fwp%2Fv2%2Fmedia&parent=40747"}],"wp:term":[{"taxonomy":"category","embeddable":true,"href":"https:\/\/archive.sana.sy\/tr\/index.php?rest_route=%2Fwp%2Fv2%2Fcategories&post=40747"},{"taxonomy":"post_tag","embeddable":true,"href":"https:\/\/archive.sana.sy\/tr\/index.php?rest_route=%2Fwp%2Fv2%2Ftags&post=40747"}],"curies":[{"name":"wp","href":"https:\/\/api.w.org\/{rel}","templated":true}]}}