{"id":40789,"date":"2015-07-18T16:15:58","date_gmt":"2015-07-18T13:15:58","guid":{"rendered":"http:\/\/www.sana.sy\/tr\/?p=40789"},"modified":"2015-07-18T15:38:19","modified_gmt":"2015-07-18T12:38:19","slug":"saha-kaynaklari-ordu-birliklerimizin-yine-idlib-kirsalinda-erdogan-ceteleri-fetih-ordusu-teroristlerinin-mevki-karargah-ve-toplanma-yerlerini-imha-ettiklerini-belirtti-kaynaklar-op","status":"publish","type":"post","link":"https:\/\/archive.sana.sy\/tr\/?p=40789","title":{"rendered":"Saha kaynaklar\u0131 ordu birliklerimizin yine \u0130dlib k\u0131rsal\u0131nda Erdo\u011fan \u00e7eteleri \u2018Fetih Ordusu\u2019 ter\u00f6ristlerinin mevki, karargah ve toplanma yerlerini imha ettiklerini belirtti. Kaynaklar operasyonlarda ter\u00f6ristlere ait bir k\u0131sm\u0131 a\u011f\u0131r silahlarla donat\u0131lm\u0131\u015f \u00e7ok say\u0131da araca ek olarak tekfircilerin Fua Beldesinde masum sivilleri hedef almada kulland\u0131klar\u0131 havan ve top rampalar\u0131n\u0131 imha ettiklerini belirtti"},"content":{"rendered":"<p>Saha kaynaklar\u0131 ordu birliklerimizin yine \u0130dlib k\u0131rsal\u0131nda Erdo\u011fan \u00e7eteleri \u2018Fetih Ordusu\u2019 ter\u00f6ristlerinin mevki, karargah ve toplanma yerlerini imha ettiklerini belirtti. Kaynaklar operasyonlarda ter\u00f6ristlere ait bir k\u0131sm\u0131 a\u011f\u0131r silahlarla donat\u0131lm\u0131\u015f \u00e7ok say\u0131da araca ek olarak tekfircilerin Fua Beldesinde masum sivilleri hedef almada kulland\u0131klar\u0131 havan ve top rampalar\u0131n\u0131 imha ettiklerini belirtti<\/p>\n","protected":false},"excerpt":{"rendered":"<p>Saha kaynaklar\u0131 ordu birliklerimizin yine \u0130dlib k\u0131rsal\u0131nda Erdo\u011fan \u00e7eteleri \u2018Fetih Ordusu\u2019 ter\u00f6ristlerinin mevki, karargah ve toplanma yerlerini imha ettiklerini belirtti. Kaynaklar operasyonlarda ter\u00f6ristlere ait bir k\u0131sm\u0131 a\u011f\u0131r silahlarla donat\u0131lm\u0131\u015f \u00e7ok say\u0131da araca ek olarak tekfircilerin Fua Beldesinde masum sivilleri hedef almada kulland\u0131klar\u0131 havan ve top rampalar\u0131n\u0131 imha ettiklerini belirtti<\/p>\n","protected":false},"author":1,"featured_media":0,"comment_status":"closed","ping_status":"closed","sticky":false,"template":"","format":"standard","meta":{"footnotes":""},"categories":[1],"tags":[2695,2930],"class_list":["post-40789","post","type-post","status-publish","format-standard","","category-news-not-sorted","tag-ordu-birliklerimiz","tag-teroristler"],"_links":{"self":[{"href":"https:\/\/archive.sana.sy\/tr\/index.php?rest_route=\/wp\/v2\/posts\/40789","targetHints":{"allow":["GET"]}}],"collection":[{"href":"https:\/\/archive.sana.sy\/tr\/index.php?rest_route=\/wp\/v2\/posts"}],"about":[{"href":"https:\/\/archive.sana.sy\/tr\/index.php?rest_route=\/wp\/v2\/types\/post"}],"author":[{"embeddable":true,"href":"https:\/\/archive.sana.sy\/tr\/index.php?rest_route=\/wp\/v2\/users\/1"}],"replies":[{"embeddable":true,"href":"https:\/\/archive.sana.sy\/tr\/index.php?rest_route=%2Fwp%2Fv2%2Fcomments&post=40789"}],"version-history":[{"count":0,"href":"https:\/\/archive.sana.sy\/tr\/index.php?rest_route=\/wp\/v2\/posts\/40789\/revisions"}],"wp:attachment":[{"href":"https:\/\/archive.sana.sy\/tr\/index.php?rest_route=%2Fwp%2Fv2%2Fmedia&parent=40789"}],"wp:term":[{"taxonomy":"category","embeddable":true,"href":"https:\/\/archive.sana.sy\/tr\/index.php?rest_route=%2Fwp%2Fv2%2Fcategories&post=40789"},{"taxonomy":"post_tag","embeddable":true,"href":"https:\/\/archive.sana.sy\/tr\/index.php?rest_route=%2Fwp%2Fv2%2Ftags&post=40789"}],"curies":[{"name":"wp","href":"https:\/\/api.w.org\/{rel}","templated":true}]}}