{"id":4095,"date":"2014-06-27T23:13:51","date_gmt":"2014-06-27T20:13:51","guid":{"rendered":"http:\/\/www.sana.sy\/tr\/?p=4095"},"modified":"2014-06-28T01:18:00","modified_gmt":"2014-06-27T22:18:00","slug":"indyk-gorevinden-istifa-etti","status":"publish","type":"post","link":"https:\/\/archive.sana.sy\/tr\/?p=4095","title":{"rendered":"Indyk G\u00f6revinden \u0130stifa Etti"},"content":{"rendered":"<p>WASH\u0130NGTON \u2013 ABD D\u0131\u015fi\u015fleri Bakanl\u0131\u011f\u0131 Amerikan\u2019\u0131n Ortado\u011fu Temsilcisi Martin Indyk\u2019in bug\u00fcn g\u00f6revinden istifa etti\u011fini ilan etti.<br \/>\nAFP\u2019nin aktard\u0131\u011f\u0131 beyan\u0131nda ABD D\u0131\u015fi\u015fleri Bakanl\u0131\u011f\u0131; Indyk\u2019in Brokens Ara\u015ft\u0131rma Merkezi ba\u015fkan\u0131 olarak g\u00f6revine d\u00f6nece\u011fini ifade ederken, yerine yard\u0131mc\u0131s\u0131 Frank Lowenstein\u2019in alaca\u011f\u0131n\u0131 belirtti.<\/p>\n<p>Bu arada IndykFilistinliler ile \u0130srail aras\u0131ndaki m\u00fczakerelerin hareketlendirilmesi \u00fczerine \u00e7al\u0131\u015fm\u0131\u015f, \u0130srail&#8217;in \u00fcst\u00fcne d\u00fc\u015fen sorumluluklar\u0131 yerine getirmemesi nedeniyle m\u00fczakereler durmu\u015ftu.<\/p>\n<p>\u0130ngiltere\u2019de do\u011fan ve Avustralya\u2019da b\u00fcy\u00fcyen Indyk, 1993 y\u0131l\u0131nda ABD vatanda\u015fl\u0131\u011f\u0131n\u0131 al\u0131p eski ba\u015fkan Bill Clinton idaresine kat\u0131lm\u0131\u015ft\u0131.<\/p>\n","protected":false},"excerpt":{"rendered":"<p>WASH\u0130NGTON \u2013 ABD D\u0131\u015fi\u015fleri Bakanl\u0131\u011f\u0131 Amerikan\u2019\u0131n Ortado\u011fu Temsilcisi Martin Indyk\u2019in bug\u00fcn g\u00f6revinden istifa etti\u011fini ilan etti. AFP\u2019nin aktard\u0131\u011f\u0131 beyan\u0131nda ABD D\u0131\u015fi\u015fleri Bakanl\u0131\u011f\u0131; Indyk\u2019in Brokens Ara\u015ft\u0131rma Merkezi ba\u015fkan\u0131 olarak g\u00f6revine d\u00f6nece\u011fini ifade ederken, yerine yard\u0131mc\u0131s\u0131 Frank Lowenstein\u2019in alaca\u011f\u0131n\u0131 belirtti. Bu arada IndykFilistinliler ile \u0130srail aras\u0131ndaki m\u00fczakerelerin hareketlendirilmesi \u00fczerine \u00e7al\u0131\u015fm\u0131\u015f, \u0130srail&#8217;in \u00fcst\u00fcne d\u00fc\u015fen sorumluluklar\u0131 yerine getirmemesi nedeniyle &hellip;<\/p>\n","protected":false},"author":1,"featured_media":4096,"comment_status":"closed","ping_status":"closed","sticky":false,"template":"","format":"standard","meta":{"footnotes":""},"categories":[458,459,447],"tags":[886],"class_list":["post-4095","post","type-post","status-publish","format-standard","has-post-thumbnail","","category-dunya1","category-haberler-arap-uluslararasi-politika","category-politika","tag-indyk-gorevinden-istifa-etti"],"_links":{"self":[{"href":"https:\/\/archive.sana.sy\/tr\/index.php?rest_route=\/wp\/v2\/posts\/4095","targetHints":{"allow":["GET"]}}],"collection":[{"href":"https:\/\/archive.sana.sy\/tr\/index.php?rest_route=\/wp\/v2\/posts"}],"about":[{"href":"https:\/\/archive.sana.sy\/tr\/index.php?rest_route=\/wp\/v2\/types\/post"}],"author":[{"embeddable":true,"href":"https:\/\/archive.sana.sy\/tr\/index.php?rest_route=\/wp\/v2\/users\/1"}],"replies":[{"embeddable":true,"href":"https:\/\/archive.sana.sy\/tr\/index.php?rest_route=%2Fwp%2Fv2%2Fcomments&post=4095"}],"version-history":[{"count":0,"href":"https:\/\/archive.sana.sy\/tr\/index.php?rest_route=\/wp\/v2\/posts\/4095\/revisions"}],"wp:featuredmedia":[{"embeddable":true,"href":"https:\/\/archive.sana.sy\/tr\/index.php?rest_route=\/wp\/v2\/media\/4096"}],"wp:attachment":[{"href":"https:\/\/archive.sana.sy\/tr\/index.php?rest_route=%2Fwp%2Fv2%2Fmedia&parent=4095"}],"wp:term":[{"taxonomy":"category","embeddable":true,"href":"https:\/\/archive.sana.sy\/tr\/index.php?rest_route=%2Fwp%2Fv2%2Fcategories&post=4095"},{"taxonomy":"post_tag","embeddable":true,"href":"https:\/\/archive.sana.sy\/tr\/index.php?rest_route=%2Fwp%2Fv2%2Ftags&post=4095"}],"curies":[{"name":"wp","href":"https:\/\/api.w.org\/{rel}","templated":true}]}}