{"id":40971,"date":"2015-07-20T14:29:53","date_gmt":"2015-07-20T11:29:53","guid":{"rendered":"http:\/\/www.sana.sy\/tr\/?p=40971"},"modified":"2015-07-20T16:25:33","modified_gmt":"2015-07-20T13:25:33","slug":"nukleer-anlasma-guvenlik-konseyinde-onaylaniyor","status":"publish","type":"post","link":"https:\/\/archive.sana.sy\/tr\/?p=40971","title":{"rendered":"G\u00fcvenlik Konseyi N\u00fckleer Anla\u015fmay\u0131 Onaylad\u0131"},"content":{"rendered":"<p>NEW YORK \u2013 Uluslararas\u0131 G\u00fcvenlik Konseyi \u0130ran ile 5+1 Grubu aras\u0131nda imzalanan n\u00fckleer anla\u015fmay\u0131 \u00e7o\u011funluk oyla onaylayarak \u0130ran\u2019a uygulanan yapt\u0131r\u0131mlar\u0131 kald\u0131rma haz\u0131rl\u0131klar\u0131na ba\u015flad\u0131\u011f\u0131n\u0131 deklere etti.<\/p>\n<p>RT web sitesinin g\u00fcn\u00fcn erken saatlerinde aktard\u0131\u011f\u0131 a\u00e7\u0131klamalar\u0131nda Rusyan\u0131n BM&#8217;deki daimi temsilcisi Witaly Churkin\u00a0n\u00fckleer anla\u015fman\u0131n tarihi bir d\u00f6neme\u00e7ten ge\u00e7ece\u011fini ifade etmi\u015f, G\u00fcvenlik Konseyi \u00fcyelerinin b\u00fcy\u00fck \u00e7o\u011funlu\u011funun bu anla\u015fmay\u0131 desteklediklerine dikkat \u00e7ekmi\u015fti.<\/p>\n<p>A.A.<\/p>\n","protected":false},"excerpt":{"rendered":"<p>NEW YORK \u2013 Uluslararas\u0131 G\u00fcvenlik Konseyi \u0130ran ile 5+1 Grubu aras\u0131nda imzalanan n\u00fckleer anla\u015fmay\u0131 \u00e7o\u011funluk oyla onaylayarak \u0130ran\u2019a uygulanan yapt\u0131r\u0131mlar\u0131 kald\u0131rma haz\u0131rl\u0131klar\u0131na ba\u015flad\u0131\u011f\u0131n\u0131 deklere etti. RT web sitesinin g\u00fcn\u00fcn erken saatlerinde aktard\u0131\u011f\u0131 a\u00e7\u0131klamalar\u0131nda Rusyan\u0131n BM&#8217;deki daimi temsilcisi Witaly Churkin\u00a0n\u00fckleer anla\u015fman\u0131n tarihi bir d\u00f6neme\u00e7ten ge\u00e7ece\u011fini ifade etmi\u015f, G\u00fcvenlik Konseyi \u00fcyelerinin b\u00fcy\u00fck \u00e7o\u011funlu\u011funun bu anla\u015fmay\u0131 desteklediklerine dikkat &hellip;<\/p>\n","protected":false},"author":1,"featured_media":40973,"comment_status":"closed","ping_status":"closed","sticky":false,"template":"","format":"standard","meta":{"footnotes":""},"categories":[458,459,447],"tags":[],"class_list":["post-40971","post","type-post","status-publish","format-standard","has-post-thumbnail","","category-dunya1","category-haberler-arap-uluslararasi-politika","category-politika"],"_links":{"self":[{"href":"https:\/\/archive.sana.sy\/tr\/index.php?rest_route=\/wp\/v2\/posts\/40971","targetHints":{"allow":["GET"]}}],"collection":[{"href":"https:\/\/archive.sana.sy\/tr\/index.php?rest_route=\/wp\/v2\/posts"}],"about":[{"href":"https:\/\/archive.sana.sy\/tr\/index.php?rest_route=\/wp\/v2\/types\/post"}],"author":[{"embeddable":true,"href":"https:\/\/archive.sana.sy\/tr\/index.php?rest_route=\/wp\/v2\/users\/1"}],"replies":[{"embeddable":true,"href":"https:\/\/archive.sana.sy\/tr\/index.php?rest_route=%2Fwp%2Fv2%2Fcomments&post=40971"}],"version-history":[{"count":0,"href":"https:\/\/archive.sana.sy\/tr\/index.php?rest_route=\/wp\/v2\/posts\/40971\/revisions"}],"wp:featuredmedia":[{"embeddable":true,"href":"https:\/\/archive.sana.sy\/tr\/index.php?rest_route=\/wp\/v2\/media\/40973"}],"wp:attachment":[{"href":"https:\/\/archive.sana.sy\/tr\/index.php?rest_route=%2Fwp%2Fv2%2Fmedia&parent=40971"}],"wp:term":[{"taxonomy":"category","embeddable":true,"href":"https:\/\/archive.sana.sy\/tr\/index.php?rest_route=%2Fwp%2Fv2%2Fcategories&post=40971"},{"taxonomy":"post_tag","embeddable":true,"href":"https:\/\/archive.sana.sy\/tr\/index.php?rest_route=%2Fwp%2Fv2%2Ftags&post=40971"}],"curies":[{"name":"wp","href":"https:\/\/api.w.org\/{rel}","templated":true}]}}