{"id":40978,"date":"2015-07-20T15:10:52","date_gmt":"2015-07-20T12:10:52","guid":{"rendered":"http:\/\/www.sana.sy\/tr\/?p=40978"},"modified":"2015-07-20T15:10:52","modified_gmt":"2015-07-20T12:10:52","slug":"yasemin-yurduna-ozlemle-donuyoruz","status":"publish","type":"post","link":"https:\/\/archive.sana.sy\/tr\/?p=40978","title":{"rendered":"Yasemin Yurduna \u00d6zlemle D\u00f6n\u00fcyoruz"},"content":{"rendered":"<p>\u015eAM \u2013 Turizm Bakanl\u0131\u011f\u0131 Ramazan Bayram\u0131n\u0131n son g\u00fcn\u00fc d\u00fcn ak\u015fam \u015eam\u2019daki Cty Center Al\u0131\u015fveri\u015f Merkezinde \u2018Yasemin Yurdu Vatan\u0131m\u0131za \u00d6zlemle D\u00f6n\u00fcyoruz\u2019 slogan\u0131 alt\u0131nda sanatsal bir etkinlik d\u00fczenledi.<\/p>\n<p>\u015eam \u0130l Turizm M\u00fcd\u00fcr\u00fc Mey Salih SANA\u2019ya a\u00e7\u0131klamas\u0131nda folklor oyunlar\u0131 ve t\u00fcrk\u00fclerinin sunuldu\u011fu etkinlikten amac\u0131n i\u00e7 ticareti etkinle\u015ftirmek ve gurbet\u00e7ileri vatana d\u00f6nmeye te\u015fvik etmek oldu\u011funu s\u00f6yledi. Salih sevgi ve bar\u0131\u015f\u0131 hakkeden g\u00fczelim vatan\u0131n ordu birliklerimizin e\u015fsiz kahramanl\u0131klar\u0131 ve \u00f6zverileri sayesinde yaralar\u0131n\u0131 sarmaya ve iyile\u015fmeye ba\u015flad\u0131\u011f\u0131n\u0131 ifade etti.<\/p>\n<p>Turizm Bakanl\u0131\u011f\u0131 daha bayram s\u00fcresi boyunca i\u00e7 ticareti etkinle\u015ftirmek ve kriz etkilerini halk\u0131n \u00fczerinde hafifletme amac\u0131yla bir dizi sanatsal ve e\u011flence faaliyetleri d\u00fczenlemi\u015fti.<\/p>\n<p>&nbsp;<\/p>\n<div id='gallery-1' class='gallery galleryid-40978 gallery-columns-2 gallery-size-medium'><figure class='gallery-item'>\n\t\t\t<div class='gallery-icon landscape'>\n\t\t\t\t<a href='https:\/\/archive.sana.sy\/tr\/wp-content\/uploads\/2015\/07\/717.jpg'><img loading=\"lazy\" decoding=\"async\" width=\"300\" height=\"201\" src=\"https:\/\/archive.sana.sy\/tr\/wp-content\/uploads\/2015\/07\/717-300x201.jpg\" class=\"attachment-medium size-medium\" alt=\"\" srcset=\"https:\/\/archive.sana.sy\/tr\/wp-content\/uploads\/2015\/07\/717-300x201.jpg 300w, https:\/\/archive.sana.sy\/tr\/wp-content\/uploads\/2015\/07\/717-150x100.jpg 150w, https:\/\/archive.sana.sy\/tr\/wp-content\/uploads\/2015\/07\/717-1024x685.jpg 1024w\" sizes=\"auto, (max-width: 300px) 100vw, 300px\" \/><\/a>\n\t\t\t<\/div><\/figure><figure class='gallery-item'>\n\t\t\t<div class='gallery-icon landscape'>\n\t\t\t\t<a href='https:\/\/archive.sana.sy\/tr\/wp-content\/uploads\/2015\/07\/617.jpg'><img loading=\"lazy\" decoding=\"async\" width=\"300\" height=\"186\" src=\"https:\/\/archive.sana.sy\/tr\/wp-content\/uploads\/2015\/07\/617-300x186.jpg\" class=\"attachment-medium size-medium\" alt=\"\" srcset=\"https:\/\/archive.sana.sy\/tr\/wp-content\/uploads\/2015\/07\/617-300x186.jpg 300w, https:\/\/archive.sana.sy\/tr\/wp-content\/uploads\/2015\/07\/617-150x93.jpg 150w, https:\/\/archive.sana.sy\/tr\/wp-content\/uploads\/2015\/07\/617-1024x635.jpg 1024w\" sizes=\"auto, (max-width: 300px) 100vw, 300px\" \/><\/a>\n\t\t\t<\/div><\/figure><figure class='gallery-item'>\n\t\t\t<div class='gallery-icon landscape'>\n\t\t\t\t<a href='https:\/\/archive.sana.sy\/tr\/wp-content\/uploads\/2015\/07\/325.jpg'><img loading=\"lazy\" decoding=\"async\" width=\"300\" height=\"201\" src=\"https:\/\/archive.sana.sy\/tr\/wp-content\/uploads\/2015\/07\/325-300x201.jpg\" class=\"attachment-medium size-medium\" alt=\"\" srcset=\"https:\/\/archive.sana.sy\/tr\/wp-content\/uploads\/2015\/07\/325-300x201.jpg 300w, https:\/\/archive.sana.sy\/tr\/wp-content\/uploads\/2015\/07\/325-150x100.jpg 150w, https:\/\/archive.sana.sy\/tr\/wp-content\/uploads\/2015\/07\/325-1024x685.jpg 1024w\" sizes=\"auto, (max-width: 300px) 100vw, 300px\" \/><\/a>\n\t\t\t<\/div><\/figure><figure class='gallery-item'>\n\t\t\t<div class='gallery-icon landscape'>\n\t\t\t\t<a href='https:\/\/archive.sana.sy\/tr\/wp-content\/uploads\/2015\/07\/230.jpg'><img loading=\"lazy\" decoding=\"async\" width=\"300\" height=\"198\" src=\"https:\/\/archive.sana.sy\/tr\/wp-content\/uploads\/2015\/07\/230-300x198.jpg\" class=\"attachment-medium size-medium\" alt=\"\" srcset=\"https:\/\/archive.sana.sy\/tr\/wp-content\/uploads\/2015\/07\/230-300x198.jpg 300w, https:\/\/archive.sana.sy\/tr\/wp-content\/uploads\/2015\/07\/230-150x99.jpg 150w, https:\/\/archive.sana.sy\/tr\/wp-content\/uploads\/2015\/07\/230-1024x674.jpg 1024w\" sizes=\"auto, (max-width: 300px) 100vw, 300px\" \/><\/a>\n\t\t\t<\/div><\/figure><figure class='gallery-item'>\n\t\t\t<div class='gallery-icon landscape'>\n\t\t\t\t<a href='https:\/\/archive.sana.sy\/tr\/wp-content\/uploads\/2015\/07\/159.jpg'><img loading=\"lazy\" decoding=\"async\" width=\"300\" height=\"187\" src=\"https:\/\/archive.sana.sy\/tr\/wp-content\/uploads\/2015\/07\/159-300x187.jpg\" class=\"attachment-medium size-medium\" alt=\"\" srcset=\"https:\/\/archive.sana.sy\/tr\/wp-content\/uploads\/2015\/07\/159-300x187.jpg 300w, https:\/\/archive.sana.sy\/tr\/wp-content\/uploads\/2015\/07\/159-150x94.jpg 150w, https:\/\/archive.sana.sy\/tr\/wp-content\/uploads\/2015\/07\/159-1024x638.jpg 1024w\" sizes=\"auto, (max-width: 300px) 100vw, 300px\" \/><\/a>\n\t\t\t<\/div><\/figure>\n\t\t<\/div>\n\n<p>A.A.<\/p>\n","protected":false},"excerpt":{"rendered":"<p>\u015eAM \u2013 Turizm Bakanl\u0131\u011f\u0131 Ramazan Bayram\u0131n\u0131n son g\u00fcn\u00fc d\u00fcn ak\u015fam \u015eam\u2019daki Cty Center Al\u0131\u015fveri\u015f Merkezinde \u2018Yasemin Yurdu Vatan\u0131m\u0131za \u00d6zlemle D\u00f6n\u00fcyoruz\u2019 slogan\u0131 alt\u0131nda sanatsal bir etkinlik d\u00fczenledi. \u015eam \u0130l Turizm M\u00fcd\u00fcr\u00fc Mey Salih SANA\u2019ya a\u00e7\u0131klamas\u0131nda folklor oyunlar\u0131 ve t\u00fcrk\u00fclerinin sunuldu\u011fu etkinlikten amac\u0131n i\u00e7 ticareti etkinle\u015ftirmek ve gurbet\u00e7ileri vatana d\u00f6nmeye te\u015fvik etmek oldu\u011funu s\u00f6yledi. Salih sevgi ve &hellip;<\/p>\n","protected":false},"author":1,"featured_media":40989,"comment_status":"closed","ping_status":"closed","sticky":false,"template":"","format":"standard","meta":{"footnotes":""},"categories":[596,526,516,479,511,525,2553,478],"tags":[15911],"class_list":["post-40978","post","type-post","status-publish","format-standard","has-post-thumbnail","","category-fotografli-raporlar","category-haber-ve-raporlar","category-haberler-kultur-ve-sanat","category-haberler-yerel","category-kultur-ve-sanat","category-toplum","category-turizm","category-yerel","tag-yasemin-yurduna-ozlemle-donuyoruz"],"_links":{"self":[{"href":"https:\/\/archive.sana.sy\/tr\/index.php?rest_route=\/wp\/v2\/posts\/40978","targetHints":{"allow":["GET"]}}],"collection":[{"href":"https:\/\/archive.sana.sy\/tr\/index.php?rest_route=\/wp\/v2\/posts"}],"about":[{"href":"https:\/\/archive.sana.sy\/tr\/index.php?rest_route=\/wp\/v2\/types\/post"}],"author":[{"embeddable":true,"href":"https:\/\/archive.sana.sy\/tr\/index.php?rest_route=\/wp\/v2\/users\/1"}],"replies":[{"embeddable":true,"href":"https:\/\/archive.sana.sy\/tr\/index.php?rest_route=%2Fwp%2Fv2%2Fcomments&post=40978"}],"version-history":[{"count":0,"href":"https:\/\/archive.sana.sy\/tr\/index.php?rest_route=\/wp\/v2\/posts\/40978\/revisions"}],"wp:featuredmedia":[{"embeddable":true,"href":"https:\/\/archive.sana.sy\/tr\/index.php?rest_route=\/wp\/v2\/media\/40989"}],"wp:attachment":[{"href":"https:\/\/archive.sana.sy\/tr\/index.php?rest_route=%2Fwp%2Fv2%2Fmedia&parent=40978"}],"wp:term":[{"taxonomy":"category","embeddable":true,"href":"https:\/\/archive.sana.sy\/tr\/index.php?rest_route=%2Fwp%2Fv2%2Fcategories&post=40978"},{"taxonomy":"post_tag","embeddable":true,"href":"https:\/\/archive.sana.sy\/tr\/index.php?rest_route=%2Fwp%2Fv2%2Ftags&post=40978"}],"curies":[{"name":"wp","href":"https:\/\/api.w.org\/{rel}","templated":true}]}}