{"id":4098,"date":"2014-06-27T23:18:52","date_gmt":"2014-06-27T20:18:52","guid":{"rendered":"http:\/\/www.sana.sy\/tr\/?p=4098"},"modified":"2014-06-28T01:20:51","modified_gmt":"2014-06-27T22:20:51","slug":"suriye-tehcir-edilen-suriyeliler-icin-sinir-bolgelerde-cadirlara-karsidir","status":"publish","type":"post","link":"https:\/\/archive.sana.sy\/tr\/?p=4098","title":{"rendered":"Suriye, Tehcir Edilen Suriyeliler \u0130\u00e7in S\u0131n\u0131r B\u00f6lgelerde \u00c7ad\u0131rlara Kar\u015f\u0131d\u0131r"},"content":{"rendered":"<p>BEYRUT \u2013 L\u00fcbnan D\u0131\u015fi\u015fleri Bakan\u0131 C\u00fcbran Basil bug\u00fcn Suriye&#8217;nin Beyrut B\u00fcy\u00fckel\u00e7isi Ali Abd\u00fclkerim ile temaslarda bulundu.<br \/>\nTemaslarda ikili ili\u015fkilerin yan\u0131 s\u0131ra Suriye ve L\u00fcbnan&#8217;daki son geli\u015fmelerle birlikte silahl\u0131 ter\u00f6r gruplar\u0131n\u0131n eylemleri neticesinde L\u00fcbnan&#8217;a tehcir edilen Suriyeliler konusu masaya yat\u0131r\u0131ld\u0131.<\/p>\n<p>Temaslar\u0131n ard\u0131ndan bas\u0131na a\u00e7\u0131klama yapan Abd\u00fclkerim; Basil ile tehcir edilen Suriyelilerin onurlar\u0131n\u0131 ve anavatanlar\u0131na geri d\u00f6n\u00fc\u015f haklar\u0131n\u0131n korunmas\u0131 konusunda iki \u00fclke h\u00fck\u00fcmetleri aras\u0131nda koordinasyonu \u00f6ng\u00f6ren Suriye h\u00fck\u00fcmetinin \u00f6nerdi\u011fi giri\u015fimi ele ald\u0131klar\u0131n\u0131 belirtti.<\/p>\n<p>Abd\u00fclkerim tehcir edilen t\u00fcm Suriyelilerin vatana d\u00f6n\u00fc\u015f gereksinimlerinin temin edilmesi i\u00e7in gerekli t\u00fcm icraatlar\u0131 almaya haz\u0131r oldu\u011funu vurgulad\u0131.<\/p>\n<p>Tehcir edilen Suriyelilerin topraklar\u0131na d\u00f6nmeleri i\u00e7in en \u00f6nemli konunun Suriye&#8217;de tekfirci ve hain ter\u00f6r gruplar\u0131na her t\u00fcrl\u00fc deste\u011fi temin eden T\u00fcrkiye dahil t\u00fcm devletleri desteklerini kesmekle birlikte bu ter\u00f6r\u00fcn bir g\u00fcn mutlaka kendilerine y\u00f6nelece\u011fi konusunda ikna etmek oldu\u011funu s\u00f6yledi.<\/p>\n<p>Abd\u00fclkerim tehcir edilen Suriyeliler i\u00e7in s\u0131n\u0131ra yak\u0131n b\u00f6lgelerde \u00e7ad\u0131r kentlerin kurulmas\u0131na kar\u015f\u0131 Suriye&#8217;nin tutumunu ifade ederken, Suriye&#8217;nin t\u00fcm vatan evlatlar\u0131n\u0131 s\u0131\u011facak ve kucaklayacak olduk\u00e7a geni\u015f bir devlet oldu\u011funa dikkat \u00e7ekti.<\/p>\n<p>Ter\u00f6r\u00fcn dini, mekan\u0131 yada zaman\u0131 olmad\u0131\u011f\u0131na vurgu yapan Abd\u00fclkerim; Suriye ve L\u00fcbnan g\u00fcvenli\u011finin birbirini tamamlamas\u0131 itibar\u0131yla Suriye&#8217;nin ter\u00f6rle m\u00fccadelede L\u00fcbnan ile i\u015fbirli\u011fi i\u00e7inde oldu\u011funu ifade etti.<\/p>\n","protected":false},"excerpt":{"rendered":"<p>BEYRUT \u2013 L\u00fcbnan D\u0131\u015fi\u015fleri Bakan\u0131 C\u00fcbran Basil bug\u00fcn Suriye&#8217;nin Beyrut B\u00fcy\u00fckel\u00e7isi Ali Abd\u00fclkerim ile temaslarda bulundu. Temaslarda ikili ili\u015fkilerin yan\u0131 s\u0131ra Suriye ve L\u00fcbnan&#8217;daki son geli\u015fmelerle birlikte silahl\u0131 ter\u00f6r gruplar\u0131n\u0131n eylemleri neticesinde L\u00fcbnan&#8217;a tehcir edilen Suriyeliler konusu masaya yat\u0131r\u0131ld\u0131. Temaslar\u0131n ard\u0131ndan bas\u0131na a\u00e7\u0131klama yapan Abd\u00fclkerim; Basil ile tehcir edilen Suriyelilerin onurlar\u0131n\u0131 ve anavatanlar\u0131na geri d\u00f6n\u00fc\u015f &hellip;<\/p>\n","protected":false},"author":1,"featured_media":4099,"comment_status":"closed","ping_status":"closed","sticky":false,"template":"","format":"standard","meta":{"footnotes":""},"categories":[458,459,447,584],"tags":[16591,887],"class_list":["post-4098","post","type-post","status-publish","format-standard","has-post-thumbnail","","category-dunya1","category-haberler-arap-uluslararasi-politika","category-politika","category-yurtdisinda-sana-ofisleri","tag-suriye","tag-tehcir-edilen-suriyeliler-icin-sinir-bolgelerde-cadirlara-karsidir"],"_links":{"self":[{"href":"https:\/\/archive.sana.sy\/tr\/index.php?rest_route=\/wp\/v2\/posts\/4098","targetHints":{"allow":["GET"]}}],"collection":[{"href":"https:\/\/archive.sana.sy\/tr\/index.php?rest_route=\/wp\/v2\/posts"}],"about":[{"href":"https:\/\/archive.sana.sy\/tr\/index.php?rest_route=\/wp\/v2\/types\/post"}],"author":[{"embeddable":true,"href":"https:\/\/archive.sana.sy\/tr\/index.php?rest_route=\/wp\/v2\/users\/1"}],"replies":[{"embeddable":true,"href":"https:\/\/archive.sana.sy\/tr\/index.php?rest_route=%2Fwp%2Fv2%2Fcomments&post=4098"}],"version-history":[{"count":0,"href":"https:\/\/archive.sana.sy\/tr\/index.php?rest_route=\/wp\/v2\/posts\/4098\/revisions"}],"wp:featuredmedia":[{"embeddable":true,"href":"https:\/\/archive.sana.sy\/tr\/index.php?rest_route=\/wp\/v2\/media\/4099"}],"wp:attachment":[{"href":"https:\/\/archive.sana.sy\/tr\/index.php?rest_route=%2Fwp%2Fv2%2Fmedia&parent=4098"}],"wp:term":[{"taxonomy":"category","embeddable":true,"href":"https:\/\/archive.sana.sy\/tr\/index.php?rest_route=%2Fwp%2Fv2%2Fcategories&post=4098"},{"taxonomy":"post_tag","embeddable":true,"href":"https:\/\/archive.sana.sy\/tr\/index.php?rest_route=%2Fwp%2Fv2%2Ftags&post=4098"}],"curies":[{"name":"wp","href":"https:\/\/api.w.org\/{rel}","templated":true}]}}