{"id":41004,"date":"2015-07-20T16:35:57","date_gmt":"2015-07-20T13:35:57","guid":{"rendered":"http:\/\/www.sana.sy\/tr\/?p=41004"},"modified":"2015-07-20T16:19:40","modified_gmt":"2015-07-20T13:19:40","slug":"hava-guclerimizin-zebadani-kentinde-el-ara-meydani-seyalan-bulvari-ve-cisr-bolgelerine-bir-dizi-hava-operasyonu-gerceklestirerek-aralarinda-tekfirci-bircok-tehlikeli-teror-komutaninin-bulundugu-yukse","status":"publish","type":"post","link":"https:\/\/archive.sana.sy\/tr\/?p=41004","title":{"rendered":"Hava g\u00fc\u00e7lerimizin Zebadani Kentinde el Ara Meydan\u0131, Seyalan Bulvar\u0131 ve Cisr b\u00f6lgelerine bir dizi hava operasyonu ger\u00e7ekle\u015ftirerek aralar\u0131nda tekfirci bir\u00e7ok tehlikeli ter\u00f6r komutan\u0131n\u0131n bulundu\u011fu y\u00fcksek say\u0131da ter\u00f6risti \u00f6l\u00fc yaral\u0131 d\u00fc\u015f\u00fcrd\u00fc"},"content":{"rendered":"<p>Hava g\u00fc\u00e7lerimizin Zebadani Kentinde el Ara Meydan\u0131, Seyalan Bulvar\u0131 ve Cisr b\u00f6lgelerine bir dizi hava operasyonu ger\u00e7ekle\u015ftirerek aralar\u0131nda tekfirci bir\u00e7ok tehlikeli ter\u00f6r komutan\u0131n\u0131n bulundu\u011fu y\u00fcksek say\u0131da ter\u00f6risti \u00f6l\u00fc yaral\u0131 d\u00fc\u015f\u00fcrd\u00fc<\/p>\n","protected":false},"excerpt":{"rendered":"<p>Hava g\u00fc\u00e7lerimizin Zebadani Kentinde el Ara Meydan\u0131, Seyalan Bulvar\u0131 ve Cisr b\u00f6lgelerine bir dizi hava operasyonu ger\u00e7ekle\u015ftirerek aralar\u0131nda tekfirci bir\u00e7ok tehlikeli ter\u00f6r komutan\u0131n\u0131n bulundu\u011fu y\u00fcksek say\u0131da ter\u00f6risti \u00f6l\u00fc yaral\u0131 d\u00fc\u015f\u00fcrd\u00fc<\/p>\n","protected":false},"author":1,"featured_media":0,"comment_status":"closed","ping_status":"closed","sticky":false,"template":"","format":"standard","meta":{"footnotes":""},"categories":[1],"tags":[],"class_list":["post-41004","post","type-post","status-publish","format-standard","","category-news-not-sorted"],"_links":{"self":[{"href":"https:\/\/archive.sana.sy\/tr\/index.php?rest_route=\/wp\/v2\/posts\/41004","targetHints":{"allow":["GET"]}}],"collection":[{"href":"https:\/\/archive.sana.sy\/tr\/index.php?rest_route=\/wp\/v2\/posts"}],"about":[{"href":"https:\/\/archive.sana.sy\/tr\/index.php?rest_route=\/wp\/v2\/types\/post"}],"author":[{"embeddable":true,"href":"https:\/\/archive.sana.sy\/tr\/index.php?rest_route=\/wp\/v2\/users\/1"}],"replies":[{"embeddable":true,"href":"https:\/\/archive.sana.sy\/tr\/index.php?rest_route=%2Fwp%2Fv2%2Fcomments&post=41004"}],"version-history":[{"count":0,"href":"https:\/\/archive.sana.sy\/tr\/index.php?rest_route=\/wp\/v2\/posts\/41004\/revisions"}],"wp:attachment":[{"href":"https:\/\/archive.sana.sy\/tr\/index.php?rest_route=%2Fwp%2Fv2%2Fmedia&parent=41004"}],"wp:term":[{"taxonomy":"category","embeddable":true,"href":"https:\/\/archive.sana.sy\/tr\/index.php?rest_route=%2Fwp%2Fv2%2Fcategories&post=41004"},{"taxonomy":"post_tag","embeddable":true,"href":"https:\/\/archive.sana.sy\/tr\/index.php?rest_route=%2Fwp%2Fv2%2Ftags&post=41004"}],"curies":[{"name":"wp","href":"https:\/\/api.w.org\/{rel}","templated":true}]}}