{"id":4101,"date":"2014-06-28T10:20:29","date_gmt":"2014-06-28T07:20:29","guid":{"rendered":"http:\/\/www.sana.sy\/tr\/?p=4101"},"modified":"2014-06-28T16:56:11","modified_gmt":"2014-06-28T13:56:11","slug":"ramazan-ayinin-ilk-gunu-pazar-gunudur","status":"publish","type":"post","link":"https:\/\/archive.sana.sy\/tr\/?p=4101","title":{"rendered":"Ramazan Ay\u0131n\u0131n \u0130lk G\u00fcn\u00fc Pazar G\u00fcn\u00fcd\u00fcr"},"content":{"rendered":"<p>\u015eAM \u2013 Cumhurba\u015fkan\u0131 Be\u015f\u015far el Esad d\u00fcn\u00a0\u015eam\u2019daki Birinci \u015eeriat Kad\u0131s\u0131 Muhammed el Meravi\u2019den; m\u00fcbarek Ramazan Ay\u0131n\u0131n ilk g\u00fcn\u00fcn\u00fcn 29 Hazirana denk d\u00fc\u015fen Pazar g\u00fcn\u00fcne denk geldi\u011finin tespit dildi\u011fini ifade eden bir telgraf teslim ald\u0131.<\/p>\n<p>Telgrafta \u2018\u015eaban Ay\u0131n\u0131n 30 g\u00fcn oldu\u011fu ve 1435 hicri y\u0131l\u0131 m\u00fcbarek Ramazan Ay\u0131n\u0131n ilk g\u00fcn\u00fcn\u00fcn, 29 Haziran 2014 miladi tarihine denk d\u00fc\u015fen Pazar g\u00fcn\u00fc oldu\u011fu tespit edilmi\u015ftir..\u2019 ifadesine yer verildi.<\/p>\n<p>\u015eam Birinci \u015eeriat Kad\u0131s\u0131 el Meravi mesaj\u0131nda el Esad\u2019a seslenerek; \u201cBu m\u00fcnasebetle y\u00fcce Allah\u2019\u0131n (cc) size g\u00fc\u00e7 ve azimet vermesine dua ediyor; m\u00fcbarek ay\u0131n size, halk\u0131m\u0131za, Arap ve M\u00fcsl\u00fcman t\u00fcm \u00fcmmete hay\u0131r ve bereket getirmesini temenni ediyorum. Onur ve zafer temennilerinin ger\u00e7ekle\u015fmesi temennileriyle..\u201d ifadesini kulland\u0131.<\/p>\n","protected":false},"excerpt":{"rendered":"<p>\u015eAM \u2013 Cumhurba\u015fkan\u0131 Be\u015f\u015far el Esad d\u00fcn\u00a0\u015eam\u2019daki Birinci \u015eeriat Kad\u0131s\u0131 Muhammed el Meravi\u2019den; m\u00fcbarek Ramazan Ay\u0131n\u0131n ilk g\u00fcn\u00fcn\u00fcn 29 Hazirana denk d\u00fc\u015fen Pazar g\u00fcn\u00fcne denk geldi\u011finin tespit dildi\u011fini ifade eden bir telgraf teslim ald\u0131. Telgrafta \u2018\u015eaban Ay\u0131n\u0131n 30 g\u00fcn oldu\u011fu ve 1435 hicri y\u0131l\u0131 m\u00fcbarek Ramazan Ay\u0131n\u0131n ilk g\u00fcn\u00fcn\u00fcn, 29 Haziran 2014 miladi tarihine denk &hellip;<\/p>\n","protected":false},"author":1,"featured_media":4103,"comment_status":"closed","ping_status":"closed","sticky":false,"template":"","format":"standard","meta":{"footnotes":""},"categories":[479,605,613,478],"tags":[888],"class_list":["post-4101","post","type-post","status-publish","format-standard","has-post-thumbnail","","category-haberler-yerel","category-sayin-cumhurbaskani","category-telgraflar","category-yerel","tag-ramazan-ayinin-ilk-gunu-pazar-gunudur"],"_links":{"self":[{"href":"https:\/\/archive.sana.sy\/tr\/index.php?rest_route=\/wp\/v2\/posts\/4101","targetHints":{"allow":["GET"]}}],"collection":[{"href":"https:\/\/archive.sana.sy\/tr\/index.php?rest_route=\/wp\/v2\/posts"}],"about":[{"href":"https:\/\/archive.sana.sy\/tr\/index.php?rest_route=\/wp\/v2\/types\/post"}],"author":[{"embeddable":true,"href":"https:\/\/archive.sana.sy\/tr\/index.php?rest_route=\/wp\/v2\/users\/1"}],"replies":[{"embeddable":true,"href":"https:\/\/archive.sana.sy\/tr\/index.php?rest_route=%2Fwp%2Fv2%2Fcomments&post=4101"}],"version-history":[{"count":0,"href":"https:\/\/archive.sana.sy\/tr\/index.php?rest_route=\/wp\/v2\/posts\/4101\/revisions"}],"wp:featuredmedia":[{"embeddable":true,"href":"https:\/\/archive.sana.sy\/tr\/index.php?rest_route=\/wp\/v2\/media\/4103"}],"wp:attachment":[{"href":"https:\/\/archive.sana.sy\/tr\/index.php?rest_route=%2Fwp%2Fv2%2Fmedia&parent=4101"}],"wp:term":[{"taxonomy":"category","embeddable":true,"href":"https:\/\/archive.sana.sy\/tr\/index.php?rest_route=%2Fwp%2Fv2%2Fcategories&post=4101"},{"taxonomy":"post_tag","embeddable":true,"href":"https:\/\/archive.sana.sy\/tr\/index.php?rest_route=%2Fwp%2Fv2%2Ftags&post=4101"}],"curies":[{"name":"wp","href":"https:\/\/api.w.org\/{rel}","templated":true}]}}