{"id":41013,"date":"2015-07-20T16:40:34","date_gmt":"2015-07-20T13:40:34","guid":{"rendered":"http:\/\/www.sana.sy\/tr\/?p=41013"},"modified":"2015-07-21T16:44:48","modified_gmt":"2015-07-21T13:44:48","slug":"halep-kentinde-su-ve-elektrik-durumu-meclisin-gundeminde","status":"publish","type":"post","link":"https:\/\/archive.sana.sy\/tr\/?p=41013","title":{"rendered":"Halep kentinde Su ve Elektrik Durumu meclisin G\u00fcndeminde"},"content":{"rendered":"<p>\u015eAM \u2013 Halk Meclisi bug\u00fcn ba\u015fkan\u0131 Muhammed Cihat el Lahham ba\u015fkanl\u0131\u011f\u0131nda d\u00fczenledi\u011fi oturumda Erdo\u011fan rejiminin destekleyip y\u00f6nlendirdi\u011fi ter\u00f6r \u00f6rg\u00fctlerinin sald\u0131r\u0131lar\u0131 g\u00f6lgesinde su ve elektrik s\u0131k\u0131nt\u0131s\u0131 ya\u015fayan Halep ahalisinin \u0131st\u0131raplar\u0131 ba\u015fta olmak \u00fczere Halep Kentindeki hizmet durumlar\u0131n\u0131 tart\u0131\u015ft\u0131.<\/p>\n<p>Oturumda s\u00f6z hakk\u0131 alan Milletvekili \u015eerif \u015ehade Halep Kentindeki hizmet durumlar\u0131 ve acil \u00e7\u00f6z\u00fcmlerin bulunmas\u0131 amac\u0131yla h\u00fck\u00fcmetin kat\u0131l\u0131m\u0131yla bir oturumun d\u00fczenlenmesi \u00e7a\u011fr\u0131s\u0131 yapt\u0131.<\/p>\n<p>Milletvekili Faris Cneydat ise Halep Kentindeki hizmet dosyas\u0131n\u0131 ara\u015ft\u0131r\u0131p soru\u015fturacak ve yolsuzluklar\u0131 tespit edip hesap soracak bir parlamenter soru\u015fturma komitesinin kurulmas\u0131n\u0131 talep etti.<\/p>\n<p>S\u00f6z hakk\u0131 alan milletvekilleri ayr\u0131ca d\u0131\u015f destekli ve y\u00f6nlendirmeli ter\u00f6r \u00f6rg\u00fctlerin Halep ahalisini tehcir etmek amac\u0131yla bulunduklar\u0131 vah\u015fetlere dikkat \u00e7ekerken, elektrik ve su \u015febekelerine sald\u0131r\u0131lar\u0131n\u0131n bu ba\u011flamda geldi\u011fine dikkat \u00e7ekti.<\/p>\n<p>Halep Kentindeki hizmet durumlar\u0131n\u0131 tart\u0131\u015fmas\u0131 ard\u0131ndan Halk Meclisi oturum g\u00fcndeminde yer alan di\u011fer konular\u0131 tart\u0131\u015farak bir dizi karar tasar\u0131s\u0131n\u0131 ilgili mercilere havale etti.<\/p>\n<p>Ayn\u0131 zamanda milletvekillerinin gensorular\u0131n\u0131 da ilgili bakanl\u0131klar taraf\u0131ndan cevapland\u0131r\u0131lmas\u0131 amac\u0131yla ba\u015fbakanl\u0131\u011fa g\u00f6nderdi.<\/p>\n<div id='gallery-1' class='gallery galleryid-41013 gallery-columns-3 gallery-size-thumbnail'><figure class='gallery-item'>\n\t\t\t<div class='gallery-icon landscape'>\n\t\t\t\t<a href='https:\/\/archive.sana.sy\/tr\/wp-content\/uploads\/2015\/07\/Halk-Meclisi-2.jpg'><img loading=\"lazy\" decoding=\"async\" width=\"150\" height=\"96\" src=\"https:\/\/archive.sana.sy\/tr\/wp-content\/uploads\/2015\/07\/Halk-Meclisi-2-150x96.jpg\" class=\"attachment-thumbnail size-thumbnail\" alt=\"\" srcset=\"https:\/\/archive.sana.sy\/tr\/wp-content\/uploads\/2015\/07\/Halk-Meclisi-2-150x96.jpg 150w, https:\/\/archive.sana.sy\/tr\/wp-content\/uploads\/2015\/07\/Halk-Meclisi-2-300x191.jpg 300w, https:\/\/archive.sana.sy\/tr\/wp-content\/uploads\/2015\/07\/Halk-Meclisi-2.jpg 500w\" sizes=\"auto, (max-width: 150px) 100vw, 150px\" \/><\/a>\n\t\t\t<\/div><\/figure><figure class='gallery-item'>\n\t\t\t<div class='gallery-icon landscape'>\n\t\t\t\t<a href='https:\/\/archive.sana.sy\/tr\/wp-content\/uploads\/2015\/07\/Halk-Meclisi-3.jpg'><img loading=\"lazy\" decoding=\"async\" width=\"150\" height=\"107\" src=\"https:\/\/archive.sana.sy\/tr\/wp-content\/uploads\/2015\/07\/Halk-Meclisi-3-150x107.jpg\" class=\"attachment-thumbnail size-thumbnail\" alt=\"\" srcset=\"https:\/\/archive.sana.sy\/tr\/wp-content\/uploads\/2015\/07\/Halk-Meclisi-3-150x107.jpg 150w, https:\/\/archive.sana.sy\/tr\/wp-content\/uploads\/2015\/07\/Halk-Meclisi-3-300x213.jpg 300w, https:\/\/archive.sana.sy\/tr\/wp-content\/uploads\/2015\/07\/Halk-Meclisi-3.jpg 500w\" sizes=\"auto, (max-width: 150px) 100vw, 150px\" \/><\/a>\n\t\t\t<\/div><\/figure><figure class='gallery-item'>\n\t\t\t<div class='gallery-icon landscape'>\n\t\t\t\t<a href='https:\/\/archive.sana.sy\/tr\/wp-content\/uploads\/2015\/07\/Halk-Meclisi-4.jpg'><img loading=\"lazy\" decoding=\"async\" width=\"150\" height=\"99\" src=\"https:\/\/archive.sana.sy\/tr\/wp-content\/uploads\/2015\/07\/Halk-Meclisi-4-150x99.jpg\" class=\"attachment-thumbnail size-thumbnail\" alt=\"\" srcset=\"https:\/\/archive.sana.sy\/tr\/wp-content\/uploads\/2015\/07\/Halk-Meclisi-4-150x99.jpg 150w, https:\/\/archive.sana.sy\/tr\/wp-content\/uploads\/2015\/07\/Halk-Meclisi-4-300x199.jpg 300w, https:\/\/archive.sana.sy\/tr\/wp-content\/uploads\/2015\/07\/Halk-Meclisi-4.jpg 500w\" sizes=\"auto, (max-width: 150px) 100vw, 150px\" \/><\/a>\n\t\t\t<\/div><\/figure>\n\t\t<\/div>\n\n<p>A.A.<\/p>\n","protected":false},"excerpt":{"rendered":"<p>\u015eAM \u2013 Halk Meclisi bug\u00fcn ba\u015fkan\u0131 Muhammed Cihat el Lahham ba\u015fkanl\u0131\u011f\u0131nda d\u00fczenledi\u011fi oturumda Erdo\u011fan rejiminin destekleyip y\u00f6nlendirdi\u011fi ter\u00f6r \u00f6rg\u00fctlerinin sald\u0131r\u0131lar\u0131 g\u00f6lgesinde su ve elektrik s\u0131k\u0131nt\u0131s\u0131 ya\u015fayan Halep ahalisinin \u0131st\u0131raplar\u0131 ba\u015fta olmak \u00fczere Halep Kentindeki hizmet durumlar\u0131n\u0131 tart\u0131\u015ft\u0131. Oturumda s\u00f6z hakk\u0131 alan Milletvekili \u015eerif \u015ehade Halep Kentindeki hizmet durumlar\u0131 ve acil \u00e7\u00f6z\u00fcmlerin bulunmas\u0131 amac\u0131yla h\u00fck\u00fcmetin kat\u0131l\u0131m\u0131yla &hellip;<\/p>\n","protected":false},"author":1,"featured_media":41015,"comment_status":"closed","ping_status":"closed","sticky":false,"template":"","format":"standard","meta":{"footnotes":""},"categories":[479,478],"tags":[15914],"class_list":["post-41013","post","type-post","status-publish","format-standard","has-post-thumbnail","","category-haberler-yerel","category-yerel","tag-halep-kentinde-su-ve-elektrik-durumu-meclisin-gundeminde"],"_links":{"self":[{"href":"https:\/\/archive.sana.sy\/tr\/index.php?rest_route=\/wp\/v2\/posts\/41013","targetHints":{"allow":["GET"]}}],"collection":[{"href":"https:\/\/archive.sana.sy\/tr\/index.php?rest_route=\/wp\/v2\/posts"}],"about":[{"href":"https:\/\/archive.sana.sy\/tr\/index.php?rest_route=\/wp\/v2\/types\/post"}],"author":[{"embeddable":true,"href":"https:\/\/archive.sana.sy\/tr\/index.php?rest_route=\/wp\/v2\/users\/1"}],"replies":[{"embeddable":true,"href":"https:\/\/archive.sana.sy\/tr\/index.php?rest_route=%2Fwp%2Fv2%2Fcomments&post=41013"}],"version-history":[{"count":0,"href":"https:\/\/archive.sana.sy\/tr\/index.php?rest_route=\/wp\/v2\/posts\/41013\/revisions"}],"wp:featuredmedia":[{"embeddable":true,"href":"https:\/\/archive.sana.sy\/tr\/index.php?rest_route=\/wp\/v2\/media\/41015"}],"wp:attachment":[{"href":"https:\/\/archive.sana.sy\/tr\/index.php?rest_route=%2Fwp%2Fv2%2Fmedia&parent=41013"}],"wp:term":[{"taxonomy":"category","embeddable":true,"href":"https:\/\/archive.sana.sy\/tr\/index.php?rest_route=%2Fwp%2Fv2%2Fcategories&post=41013"},{"taxonomy":"post_tag","embeddable":true,"href":"https:\/\/archive.sana.sy\/tr\/index.php?rest_route=%2Fwp%2Fv2%2Ftags&post=41013"}],"curies":[{"name":"wp","href":"https:\/\/api.w.org\/{rel}","templated":true}]}}