{"id":41020,"date":"2015-07-20T17:09:47","date_gmt":"2015-07-20T14:09:47","guid":{"rendered":"http:\/\/www.sana.sy\/tr\/?p=41020"},"modified":"2015-07-20T17:09:47","modified_gmt":"2015-07-20T14:09:47","slug":"suructa-buyuk-patlama","status":"publish","type":"post","link":"https:\/\/archive.sana.sy\/tr\/?p=41020","title":{"rendered":"Suru\u00e7\u2019ta B\u00fcy\u00fck Patlama"},"content":{"rendered":"<p>ANKARA \u2013 T\u00fcrkiye&#8217;nin g\u00fcneydo\u011fusu \u015eanl\u0131urfa ilinin Suru\u00e7 \u0130l\u00e7esinde bug\u00fcn meydana gelen b\u00fcy\u00fck bir patlamada geneli gen\u00e7lerden olu\u015fan en az 30 ki\u015fi can verdi, 100\u2019\u00fcn \u00fcst\u00fcnde ki\u015fi de yaraland\u0131.<\/p>\n<p><a href=\"http:\/\/www.sana.sy\/tr\/wp-content\/uploads\/2015\/07\/Suru\u00e7-2.jpg\"><img loading=\"lazy\" decoding=\"async\" class=\"alignright wp-image-41023 size-medium\" src=\"http:\/\/www.sana.sy\/tr\/wp-content\/uploads\/2015\/07\/Suru\u00e7-2-300x160.jpg\" alt=\"Suru\u00e7 2\" width=\"300\" height=\"160\" srcset=\"https:\/\/archive.sana.sy\/tr\/wp-content\/uploads\/2015\/07\/Suru\u00e7-2-300x160.jpg 300w, https:\/\/archive.sana.sy\/tr\/wp-content\/uploads\/2015\/07\/Suru\u00e7-2-150x80.jpg 150w, https:\/\/archive.sana.sy\/tr\/wp-content\/uploads\/2015\/07\/Suru\u00e7-2.jpg 620w\" sizes=\"auto, (max-width: 300px) 100vw, 300px\" \/><\/a>SANA\u2019n\u0131n Ankara muhabiri intihar eylemcisi bir ter\u00f6ristin T\u00fcrkiye&#8217;nin muhtelif b\u00f6lgelerinden Ayn Arap Kasabas\u0131yla dayan\u0131\u015fma amac\u0131yla gelen Sosyalist Gen\u00e7ler Dernekleri Federasyonundan yakla\u015f\u0131k 300 genci Amara K\u00fclt\u00fcr Merkezi \u00f6n\u00fcndeki bah\u00e7ede saat 11.45 sular\u0131nda hedef ald\u0131\u011f\u0131n\u0131 aktard\u0131.<\/p>\n<p>Bilinece\u011fi \u00fczere Suriye ve halk\u0131na kin ve nefreti kapsam\u0131nda T\u00fcrkiye&#8217;deki Recep Tayip Erdo\u011fan rejimi I\u015e\u0130D ve Kaide \u00d6rg\u00fct\u00fcn\u00fcn Suriye kolu Nusra Cephesi ba\u015fta olmak \u00fczere Suriye&#8217;de \u00f6l\u00fcm ve y\u0131k\u0131m estiren ter\u00f6r \u00f6rg\u00fctlere her t\u00fcrl\u00fc deste\u011fi direk ve dolayl\u0131 olarak temin ediyor. Erdo\u011fan rejimi Suriye s\u0131n\u0131rlar\u0131na yak\u0131n T\u00fcrkiye topraklar\u0131n\u0131n neredeyse tamam\u0131n\u0131 tekfirci ter\u00f6ristlere destek karargahlar\u0131na d\u00f6n\u00fc\u015ft\u00fcrm\u00fc\u015f, s\u0131n\u0131rdan ge\u00e7i\u015flerini, silah ve m\u00fchimmat ikmalini kolayla\u015ft\u0131rm\u0131\u015f, bu \u00e7etelerin Suriye&#8217;den ya\u011fmalay\u0131p \u00e7ald\u0131klar\u0131 petrol, tarihi eser ve sanayi makinelerini de satmalar\u0131na yard\u0131mc\u0131 olmaktad\u0131r. D\u00fcnyan\u0131n her ucundan gelen tekfirci ve kiral\u0131k katillere g\u00fcvenli bar\u0131nak temin eden Erdo\u011fan rejimi, bu \u00e7etelere e\u011fitim kamplar\u0131 ve cephane depolar\u0131 da temin etmektedir.<\/p>\n<p>A.A.<\/p>\n","protected":false},"excerpt":{"rendered":"<p>ANKARA \u2013 T\u00fcrkiye&#8217;nin g\u00fcneydo\u011fusu \u015eanl\u0131urfa ilinin Suru\u00e7 \u0130l\u00e7esinde bug\u00fcn meydana gelen b\u00fcy\u00fck bir patlamada geneli gen\u00e7lerden olu\u015fan en az 30 ki\u015fi can verdi, 100\u2019\u00fcn \u00fcst\u00fcnde ki\u015fi de yaraland\u0131. SANA\u2019n\u0131n Ankara muhabiri intihar eylemcisi bir ter\u00f6ristin T\u00fcrkiye&#8217;nin muhtelif b\u00f6lgelerinden Ayn Arap Kasabas\u0131yla dayan\u0131\u015fma amac\u0131yla gelen Sosyalist Gen\u00e7ler Dernekleri Federasyonundan yakla\u015f\u0131k 300 genci Amara K\u00fclt\u00fcr Merkezi \u00f6n\u00fcndeki &hellip;<\/p>\n","protected":false},"author":1,"featured_media":41022,"comment_status":"closed","ping_status":"closed","sticky":false,"template":"","format":"standard","meta":{"footnotes":""},"categories":[458,459,447,2554,2555],"tags":[15916,15915],"class_list":["post-41020","post","type-post","status-publish","format-standard","has-post-thumbnail","","category-dunya1","category-haberler-arap-uluslararasi-politika","category-politika","category-suriye-ve-dunya","category-suriye-ve-turkiye","tag-100un-ustunde-kisi-de-yaralandi","tag-ankara-turkiyenin-guneydogusu-sanliurfa-ilinin-suruc-ilcesinde-bugun-meydana-gelen-buyuk-bir-patlamada-geneli-genclerden-olusan-en-az-30-kisi-can-verdi"],"_links":{"self":[{"href":"https:\/\/archive.sana.sy\/tr\/index.php?rest_route=\/wp\/v2\/posts\/41020","targetHints":{"allow":["GET"]}}],"collection":[{"href":"https:\/\/archive.sana.sy\/tr\/index.php?rest_route=\/wp\/v2\/posts"}],"about":[{"href":"https:\/\/archive.sana.sy\/tr\/index.php?rest_route=\/wp\/v2\/types\/post"}],"author":[{"embeddable":true,"href":"https:\/\/archive.sana.sy\/tr\/index.php?rest_route=\/wp\/v2\/users\/1"}],"replies":[{"embeddable":true,"href":"https:\/\/archive.sana.sy\/tr\/index.php?rest_route=%2Fwp%2Fv2%2Fcomments&post=41020"}],"version-history":[{"count":0,"href":"https:\/\/archive.sana.sy\/tr\/index.php?rest_route=\/wp\/v2\/posts\/41020\/revisions"}],"wp:featuredmedia":[{"embeddable":true,"href":"https:\/\/archive.sana.sy\/tr\/index.php?rest_route=\/wp\/v2\/media\/41022"}],"wp:attachment":[{"href":"https:\/\/archive.sana.sy\/tr\/index.php?rest_route=%2Fwp%2Fv2%2Fmedia&parent=41020"}],"wp:term":[{"taxonomy":"category","embeddable":true,"href":"https:\/\/archive.sana.sy\/tr\/index.php?rest_route=%2Fwp%2Fv2%2Fcategories&post=41020"},{"taxonomy":"post_tag","embeddable":true,"href":"https:\/\/archive.sana.sy\/tr\/index.php?rest_route=%2Fwp%2Fv2%2Ftags&post=41020"}],"curies":[{"name":"wp","href":"https:\/\/api.w.org\/{rel}","templated":true}]}}