{"id":41046,"date":"2015-07-21T13:50:33","date_gmt":"2015-07-21T10:50:33","guid":{"rendered":"http:\/\/www.sana.sy\/tr\/?p=41046"},"modified":"2015-07-21T13:52:43","modified_gmt":"2015-07-21T10:52:43","slug":"20-gunde-334-terorist-etkisizlestirildi","status":"publish","type":"post","link":"https:\/\/archive.sana.sy\/tr\/?p=41046","title":{"rendered":"20 g\u00fcnde 334 Ter\u00f6rist Etkisizle\u015ftirildi"},"content":{"rendered":"<p>KAH\u0130RE \u2013 M\u0131s\u0131r silahl\u0131 kuvvetleri bu ay\u0131n ba\u015f\u0131ndan beri 20 g\u00fcn i\u00e7inde bir k\u0131sm\u0131 olduk\u00e7a tehlikeli eleba\u015flar\u0131 ve komutanlar olmak \u00fczere 334 tekfirci ter\u00f6risti etkisizle\u015ftirdi.<\/p>\n<p>M\u0131s\u0131rl\u0131 bir g\u00fcvenlik kayna\u011f\u0131 Sina B\u00f6lgesinin ortas\u0131 ve kuzeyinde tekfirci ter\u00f6ristlere kar\u015f\u0131 kesintisiz s\u00fcrd\u00fcr\u00fclen bask\u0131n operasyonlar\u0131nda aralar\u0131nda olduk\u00e7a tehlikeli isimlerin bulundu\u011fu 334 ter\u00f6ristin etkisizle\u015ftirildi\u011fini belirtti. Kaynak operasyonlarda ordunun bir\u00e7ok belde ve k\u00f6y\u00fc tamamen kontrol\u00fcne al\u0131\u011f\u0131n\u0131 ifade ederken ter\u00f6ristlerin bulunduklar\u0131 b\u00f6lgelerin s\u0131k\u0131 \u00e7embere al\u0131nd\u0131klar\u0131n\u0131 aktard\u0131.<\/p>\n<p>Kaynak operasyonlarda hava g\u00fc\u00e7lerinin tekfircilerin bulunduklar\u0131 b\u00f6lgeleri s\u00fcrekli olarak havadan denetleme ve hava bombard\u0131manlar\u0131nda bulunma operasyonlar\u0131n\u0131 da s\u00fcrd\u00fcrd\u00fcklerini belirtti.<\/p>\n<p>A.A.<\/p>\n","protected":false},"excerpt":{"rendered":"<p>KAH\u0130RE \u2013 M\u0131s\u0131r silahl\u0131 kuvvetleri bu ay\u0131n ba\u015f\u0131ndan beri 20 g\u00fcn i\u00e7inde bir k\u0131sm\u0131 olduk\u00e7a tehlikeli eleba\u015flar\u0131 ve komutanlar olmak \u00fczere 334 tekfirci ter\u00f6risti etkisizle\u015ftirdi. M\u0131s\u0131rl\u0131 bir g\u00fcvenlik kayna\u011f\u0131 Sina B\u00f6lgesinin ortas\u0131 ve kuzeyinde tekfirci ter\u00f6ristlere kar\u015f\u0131 kesintisiz s\u00fcrd\u00fcr\u00fclen bask\u0131n operasyonlar\u0131nda aralar\u0131nda olduk\u00e7a tehlikeli isimlerin bulundu\u011fu 334 ter\u00f6ristin etkisizle\u015ftirildi\u011fini belirtti. Kaynak operasyonlarda ordunun bir\u00e7ok belde &hellip;<\/p>\n","protected":false},"author":1,"featured_media":41049,"comment_status":"closed","ping_status":"closed","sticky":false,"template":"","format":"standard","meta":{"footnotes":""},"categories":[458,459,447],"tags":[],"class_list":["post-41046","post","type-post","status-publish","format-standard","has-post-thumbnail","","category-dunya1","category-haberler-arap-uluslararasi-politika","category-politika"],"_links":{"self":[{"href":"https:\/\/archive.sana.sy\/tr\/index.php?rest_route=\/wp\/v2\/posts\/41046","targetHints":{"allow":["GET"]}}],"collection":[{"href":"https:\/\/archive.sana.sy\/tr\/index.php?rest_route=\/wp\/v2\/posts"}],"about":[{"href":"https:\/\/archive.sana.sy\/tr\/index.php?rest_route=\/wp\/v2\/types\/post"}],"author":[{"embeddable":true,"href":"https:\/\/archive.sana.sy\/tr\/index.php?rest_route=\/wp\/v2\/users\/1"}],"replies":[{"embeddable":true,"href":"https:\/\/archive.sana.sy\/tr\/index.php?rest_route=%2Fwp%2Fv2%2Fcomments&post=41046"}],"version-history":[{"count":0,"href":"https:\/\/archive.sana.sy\/tr\/index.php?rest_route=\/wp\/v2\/posts\/41046\/revisions"}],"wp:featuredmedia":[{"embeddable":true,"href":"https:\/\/archive.sana.sy\/tr\/index.php?rest_route=\/wp\/v2\/media\/41049"}],"wp:attachment":[{"href":"https:\/\/archive.sana.sy\/tr\/index.php?rest_route=%2Fwp%2Fv2%2Fmedia&parent=41046"}],"wp:term":[{"taxonomy":"category","embeddable":true,"href":"https:\/\/archive.sana.sy\/tr\/index.php?rest_route=%2Fwp%2Fv2%2Fcategories&post=41046"},{"taxonomy":"post_tag","embeddable":true,"href":"https:\/\/archive.sana.sy\/tr\/index.php?rest_route=%2Fwp%2Fv2%2Ftags&post=41046"}],"curies":[{"name":"wp","href":"https:\/\/api.w.org\/{rel}","templated":true}]}}