{"id":41051,"date":"2015-07-21T15:11:50","date_gmt":"2015-07-21T12:11:50","guid":{"rendered":"http:\/\/www.sana.sy\/tr\/?p=41051"},"modified":"2015-07-21T15:14:46","modified_gmt":"2015-07-21T12:14:46","slug":"hasekede-bir-haftada-179-bin-insani-yardim-urunu-dagitildi","status":"publish","type":"post","link":"https:\/\/archive.sana.sy\/tr\/?p=41051","title":{"rendered":"Haseke&#8217;de Bir Haftada 179 Bin \u0130nsani Yard\u0131m \u00dcr\u00fcn\u00fc Da\u011f\u0131t\u0131ld\u0131"},"content":{"rendered":"<p>HASEKE \u2013 \u0130nsani Yard\u0131m Y\u00fcksek Komisyonunun Haseke ilindeki yan komitesi \u0130l Sosyal \u0130\u015fler M\u00fcd\u00fcrl\u00fc\u011f\u00fc, K\u0131z\u0131lay \u015eubesi ve insani alanda faaliyet g\u00f6steren bir dizi \u00f6rg\u00fct\u00fcn i\u015fbirli\u011fi i\u00e7inde ge\u00e7en hafta ter\u00f6r ma\u011fduru ailelere g\u0131da \u00fcr\u00fcnleri dahil muhtelif insani ihtiya\u00e7lardan olu\u015fan 179 bin \u00fcr\u00fcn yard\u0131m \u00fcr\u00fcn\u00fc da\u011f\u0131tt\u0131.<\/p>\n<p>\u0130l Sosyal \u0130\u015fler M\u00fcd\u00fcr\u00fc \u0130sam el H\u00fcseyin SANA muhabirine a\u00e7\u0131klamas\u0131nda Haseke Kentine ilaveten \u015eeddadi, Merkede, \u0131rey\u015fa, Amuda, Dirbasiye, Tel Brek, Havl, Cezia Tel Hmeys ve Ayn Arap b\u00f6lgelerinde ter\u00f6ristlerin sald\u0131r\u0131lar\u0131ndan ka\u00e7an ailelere 159 bin g\u0131da \u00fcr\u00fcn\u00fc takdim edildi\u011fini ifade etti.<\/p>\n<p>H\u00fcseyin Haseke Kentinden Kam\u0131\u015fl\u0131, Cevadiye, Ras el Ayn, Dirbasiye ve Amuda b\u00f6lgelerine tehcir edilen ter\u00f6r ma\u011fdurlar\u0131na da g\u0131da i\u00e7ermeyen muhtelif t\u00fcr ihtiya\u00e7lar i\u00e7in 20 bin \u00fcr\u00fcn da\u011f\u0131t\u0131ld\u0131\u011f\u0131n\u0131 s\u00f6yledi.<\/p>\n<p>A.A.<\/p>\n","protected":false},"excerpt":{"rendered":"<p>HASEKE \u2013 \u0130nsani Yard\u0131m Y\u00fcksek Komisyonunun Haseke ilindeki yan komitesi \u0130l Sosyal \u0130\u015fler M\u00fcd\u00fcrl\u00fc\u011f\u00fc, K\u0131z\u0131lay \u015eubesi ve insani alanda faaliyet g\u00f6steren bir dizi \u00f6rg\u00fct\u00fcn i\u015fbirli\u011fi i\u00e7inde ge\u00e7en hafta ter\u00f6r ma\u011fduru ailelere g\u0131da \u00fcr\u00fcnleri dahil muhtelif insani ihtiya\u00e7lardan olu\u015fan 179 bin \u00fcr\u00fcn yard\u0131m \u00fcr\u00fcn\u00fc da\u011f\u0131tt\u0131. \u0130l Sosyal \u0130\u015fler M\u00fcd\u00fcr\u00fc \u0130sam el H\u00fcseyin SANA muhabirine a\u00e7\u0131klamas\u0131nda Haseke &hellip;<\/p>\n","protected":false},"author":1,"featured_media":41065,"comment_status":"closed","ping_status":"closed","sticky":false,"template":"","format":"standard","meta":{"footnotes":""},"categories":[526,479,525,478],"tags":[15926],"class_list":["post-41051","post","type-post","status-publish","format-standard","has-post-thumbnail","","category-haber-ve-raporlar","category-haberler-yerel","category-toplum","category-yerel","tag-hasekede-bir-haftada-179-bin-insani-yardim-urunu-dagitildi"],"_links":{"self":[{"href":"https:\/\/archive.sana.sy\/tr\/index.php?rest_route=\/wp\/v2\/posts\/41051","targetHints":{"allow":["GET"]}}],"collection":[{"href":"https:\/\/archive.sana.sy\/tr\/index.php?rest_route=\/wp\/v2\/posts"}],"about":[{"href":"https:\/\/archive.sana.sy\/tr\/index.php?rest_route=\/wp\/v2\/types\/post"}],"author":[{"embeddable":true,"href":"https:\/\/archive.sana.sy\/tr\/index.php?rest_route=\/wp\/v2\/users\/1"}],"replies":[{"embeddable":true,"href":"https:\/\/archive.sana.sy\/tr\/index.php?rest_route=%2Fwp%2Fv2%2Fcomments&post=41051"}],"version-history":[{"count":0,"href":"https:\/\/archive.sana.sy\/tr\/index.php?rest_route=\/wp\/v2\/posts\/41051\/revisions"}],"wp:featuredmedia":[{"embeddable":true,"href":"https:\/\/archive.sana.sy\/tr\/index.php?rest_route=\/wp\/v2\/media\/41065"}],"wp:attachment":[{"href":"https:\/\/archive.sana.sy\/tr\/index.php?rest_route=%2Fwp%2Fv2%2Fmedia&parent=41051"}],"wp:term":[{"taxonomy":"category","embeddable":true,"href":"https:\/\/archive.sana.sy\/tr\/index.php?rest_route=%2Fwp%2Fv2%2Fcategories&post=41051"},{"taxonomy":"post_tag","embeddable":true,"href":"https:\/\/archive.sana.sy\/tr\/index.php?rest_route=%2Fwp%2Fv2%2Ftags&post=41051"}],"curies":[{"name":"wp","href":"https:\/\/api.w.org\/{rel}","templated":true}]}}