{"id":41052,"date":"2015-07-21T14:44:22","date_gmt":"2015-07-21T11:44:22","guid":{"rendered":"http:\/\/www.sana.sy\/tr\/?p=41052"},"modified":"2015-07-21T14:48:21","modified_gmt":"2015-07-21T11:48:21","slug":"sehit-adlariyla-fidan-dikildi","status":"publish","type":"post","link":"https:\/\/archive.sana.sy\/tr\/?p=41052","title":{"rendered":"\u015eehit Adlar\u0131yla Fidan Dikildi"},"content":{"rendered":"<p>S\u00dcVEYDA \u2013 S\u00fcveyda\u2019da G\u00f6n\u00fcll\u00fc Sevgi bulu\u015fmas\u0131 Grubu ve Uygulamal\u0131 Faaliyetler Okulu d\u00fcn S\u00fcveyda Kentinde \u015eehir Meclisiyle i\u015fbirli\u011fi i\u00e7inde \u015eehba Kentindeki \u015eehitler Caddesinde g\u00f6n\u00fcll\u00fc faaliyetlerde bulundular.<\/p>\n<p>Bir\u00e7ok \u015fehit ailesinin kat\u0131ld\u0131klar\u0131 faaliyette kent \u015fehitlerinin adlar\u0131na kokulu a\u011fa\u00e7 fidanlar\u0131 dikilirken, daha \u00f6nce dikilen fidanlar\u0131n sulama ve bak\u0131m\u0131 \u00e7al\u0131\u015fmalar\u0131 da yap\u0131ld\u0131. G\u00f6n\u00fcll\u00fcler faaliyetlerinde ayr\u0131ca b\u00f6lgede temizlik ve \u00e7evre \u00e7al\u0131\u015fmalar\u0131nda bulundu.<\/p>\n<p>G\u00f6n\u00fcll\u00fc kat\u0131l\u0131mc\u0131lar vatan onuru ve egemenli\u011finin yan\u0131 s\u0131ra halk\u0131n can ve mal g\u00fcvenli\u011fini d\u0131\u015f destekli ter\u00f6ristlere kar\u015f\u0131 koruma u\u011fruna canlar\u0131n\u0131 feda eden \u015fehitlerimize vefa ve takdirin bir ulusal ve insani sorumluluk oldu\u011funu ifade etti.<\/p>\n<div id='gallery-1' class='gallery galleryid-41052 gallery-columns-3 gallery-size-thumbnail'><figure class='gallery-item'>\n\t\t\t<div class='gallery-icon landscape'>\n\t\t\t\t<a href='https:\/\/archive.sana.sy\/tr\/wp-content\/uploads\/2015\/07\/165.jpg'><img loading=\"lazy\" decoding=\"async\" width=\"150\" height=\"93\" src=\"https:\/\/archive.sana.sy\/tr\/wp-content\/uploads\/2015\/07\/165-150x93.jpg\" class=\"attachment-thumbnail size-thumbnail\" alt=\"\" srcset=\"https:\/\/archive.sana.sy\/tr\/wp-content\/uploads\/2015\/07\/165-150x93.jpg 150w, https:\/\/archive.sana.sy\/tr\/wp-content\/uploads\/2015\/07\/165-300x185.jpg 300w, https:\/\/archive.sana.sy\/tr\/wp-content\/uploads\/2015\/07\/165-1024x632.jpg 1024w\" sizes=\"auto, (max-width: 150px) 100vw, 150px\" \/><\/a>\n\t\t\t<\/div><\/figure><figure class='gallery-item'>\n\t\t\t<div class='gallery-icon landscape'>\n\t\t\t\t<a href='https:\/\/archive.sana.sy\/tr\/wp-content\/uploads\/2015\/07\/233.jpg'><img loading=\"lazy\" decoding=\"async\" width=\"150\" height=\"95\" src=\"https:\/\/archive.sana.sy\/tr\/wp-content\/uploads\/2015\/07\/233-150x95.jpg\" class=\"attachment-thumbnail size-thumbnail\" alt=\"\" srcset=\"https:\/\/archive.sana.sy\/tr\/wp-content\/uploads\/2015\/07\/233-150x95.jpg 150w, https:\/\/archive.sana.sy\/tr\/wp-content\/uploads\/2015\/07\/233-300x191.jpg 300w, https:\/\/archive.sana.sy\/tr\/wp-content\/uploads\/2015\/07\/233-1024x650.jpg 1024w\" sizes=\"auto, (max-width: 150px) 100vw, 150px\" \/><\/a>\n\t\t\t<\/div><\/figure><figure class='gallery-item'>\n\t\t\t<div class='gallery-icon landscape'>\n\t\t\t\t<a href='https:\/\/archive.sana.sy\/tr\/wp-content\/uploads\/2015\/07\/327.jpg'><img loading=\"lazy\" decoding=\"async\" width=\"150\" height=\"102\" src=\"https:\/\/archive.sana.sy\/tr\/wp-content\/uploads\/2015\/07\/327-150x102.jpg\" class=\"attachment-thumbnail size-thumbnail\" alt=\"\" srcset=\"https:\/\/archive.sana.sy\/tr\/wp-content\/uploads\/2015\/07\/327-150x102.jpg 150w, https:\/\/archive.sana.sy\/tr\/wp-content\/uploads\/2015\/07\/327-300x204.jpg 300w, https:\/\/archive.sana.sy\/tr\/wp-content\/uploads\/2015\/07\/327-1024x697.jpg 1024w\" sizes=\"auto, (max-width: 150px) 100vw, 150px\" \/><\/a>\n\t\t\t<\/div><\/figure><figure class='gallery-item'>\n\t\t\t<div class='gallery-icon landscape'>\n\t\t\t\t<a href='https:\/\/archive.sana.sy\/tr\/wp-content\/uploads\/2015\/07\/423.jpg'><img loading=\"lazy\" decoding=\"async\" width=\"150\" height=\"110\" src=\"https:\/\/archive.sana.sy\/tr\/wp-content\/uploads\/2015\/07\/423-150x110.jpg\" class=\"attachment-thumbnail size-thumbnail\" alt=\"\" srcset=\"https:\/\/archive.sana.sy\/tr\/wp-content\/uploads\/2015\/07\/423-150x110.jpg 150w, https:\/\/archive.sana.sy\/tr\/wp-content\/uploads\/2015\/07\/423-300x220.jpg 300w, https:\/\/archive.sana.sy\/tr\/wp-content\/uploads\/2015\/07\/423-1024x752.jpg 1024w\" sizes=\"auto, (max-width: 150px) 100vw, 150px\" \/><\/a>\n\t\t\t<\/div><\/figure><figure class='gallery-item'>\n\t\t\t<div class='gallery-icon landscape'>\n\t\t\t\t<a href='https:\/\/archive.sana.sy\/tr\/wp-content\/uploads\/2015\/07\/521.jpg'><img loading=\"lazy\" decoding=\"async\" width=\"150\" height=\"109\" src=\"https:\/\/archive.sana.sy\/tr\/wp-content\/uploads\/2015\/07\/521-150x109.jpg\" class=\"attachment-thumbnail size-thumbnail\" alt=\"\" srcset=\"https:\/\/archive.sana.sy\/tr\/wp-content\/uploads\/2015\/07\/521-150x109.jpg 150w, https:\/\/archive.sana.sy\/tr\/wp-content\/uploads\/2015\/07\/521-300x219.jpg 300w, https:\/\/archive.sana.sy\/tr\/wp-content\/uploads\/2015\/07\/521-1024x746.jpg 1024w\" sizes=\"auto, (max-width: 150px) 100vw, 150px\" \/><\/a>\n\t\t\t<\/div><\/figure><figure class='gallery-item'>\n\t\t\t<div class='gallery-icon landscape'>\n\t\t\t\t<a href='https:\/\/archive.sana.sy\/tr\/wp-content\/uploads\/2015\/07\/618.jpg'><img loading=\"lazy\" decoding=\"async\" width=\"150\" height=\"101\" src=\"https:\/\/archive.sana.sy\/tr\/wp-content\/uploads\/2015\/07\/618-150x101.jpg\" class=\"attachment-thumbnail size-thumbnail\" alt=\"\" srcset=\"https:\/\/archive.sana.sy\/tr\/wp-content\/uploads\/2015\/07\/618-150x101.jpg 150w, https:\/\/archive.sana.sy\/tr\/wp-content\/uploads\/2015\/07\/618-300x202.jpg 300w, https:\/\/archive.sana.sy\/tr\/wp-content\/uploads\/2015\/07\/618-1024x690.jpg 1024w\" sizes=\"auto, (max-width: 150px) 100vw, 150px\" \/><\/a>\n\t\t\t<\/div><\/figure>\n\t\t<\/div>\n\n<p>A.A.<\/p>\n","protected":false},"excerpt":{"rendered":"<p>S\u00dcVEYDA \u2013 S\u00fcveyda\u2019da G\u00f6n\u00fcll\u00fc Sevgi bulu\u015fmas\u0131 Grubu ve Uygulamal\u0131 Faaliyetler Okulu d\u00fcn S\u00fcveyda Kentinde \u015eehir Meclisiyle i\u015fbirli\u011fi i\u00e7inde \u015eehba Kentindeki \u015eehitler Caddesinde g\u00f6n\u00fcll\u00fc faaliyetlerde bulundular. Bir\u00e7ok \u015fehit ailesinin kat\u0131ld\u0131klar\u0131 faaliyette kent \u015fehitlerinin adlar\u0131na kokulu a\u011fa\u00e7 fidanlar\u0131 dikilirken, daha \u00f6nce dikilen fidanlar\u0131n sulama ve bak\u0131m\u0131 \u00e7al\u0131\u015fmalar\u0131 da yap\u0131ld\u0131. G\u00f6n\u00fcll\u00fcler faaliyetlerinde ayr\u0131ca b\u00f6lgede temizlik ve \u00e7evre \u00e7al\u0131\u015fmalar\u0131nda &hellip;<\/p>\n","protected":false},"author":1,"featured_media":41054,"comment_status":"closed","ping_status":"closed","sticky":false,"template":"","format":"standard","meta":{"footnotes":""},"categories":[596,526,479,525,478],"tags":[],"class_list":["post-41052","post","type-post","status-publish","format-standard","has-post-thumbnail","","category-fotografli-raporlar","category-haber-ve-raporlar","category-haberler-yerel","category-toplum","category-yerel"],"_links":{"self":[{"href":"https:\/\/archive.sana.sy\/tr\/index.php?rest_route=\/wp\/v2\/posts\/41052","targetHints":{"allow":["GET"]}}],"collection":[{"href":"https:\/\/archive.sana.sy\/tr\/index.php?rest_route=\/wp\/v2\/posts"}],"about":[{"href":"https:\/\/archive.sana.sy\/tr\/index.php?rest_route=\/wp\/v2\/types\/post"}],"author":[{"embeddable":true,"href":"https:\/\/archive.sana.sy\/tr\/index.php?rest_route=\/wp\/v2\/users\/1"}],"replies":[{"embeddable":true,"href":"https:\/\/archive.sana.sy\/tr\/index.php?rest_route=%2Fwp%2Fv2%2Fcomments&post=41052"}],"version-history":[{"count":0,"href":"https:\/\/archive.sana.sy\/tr\/index.php?rest_route=\/wp\/v2\/posts\/41052\/revisions"}],"wp:featuredmedia":[{"embeddable":true,"href":"https:\/\/archive.sana.sy\/tr\/index.php?rest_route=\/wp\/v2\/media\/41054"}],"wp:attachment":[{"href":"https:\/\/archive.sana.sy\/tr\/index.php?rest_route=%2Fwp%2Fv2%2Fmedia&parent=41052"}],"wp:term":[{"taxonomy":"category","embeddable":true,"href":"https:\/\/archive.sana.sy\/tr\/index.php?rest_route=%2Fwp%2Fv2%2Fcategories&post=41052"},{"taxonomy":"post_tag","embeddable":true,"href":"https:\/\/archive.sana.sy\/tr\/index.php?rest_route=%2Fwp%2Fv2%2Ftags&post=41052"}],"curies":[{"name":"wp","href":"https:\/\/api.w.org\/{rel}","templated":true}]}}