{"id":4107,"date":"2014-06-28T10:20:49","date_gmt":"2014-06-28T07:20:49","guid":{"rendered":"http:\/\/www.sana.sy\/tr\/?p=4107"},"modified":"2014-06-28T16:53:40","modified_gmt":"2014-06-28T13:53:40","slug":"lavrov-gercegin-bu-olmasini-umut-ediyoruz","status":"publish","type":"post","link":"https:\/\/archive.sana.sy\/tr\/?p=4107","title":{"rendered":"Lavrov: Ger\u00e7e\u011fin Bu Olmas\u0131n\u0131 Umut Ediyoruz"},"content":{"rendered":"<p>MOSKOVA \u2013 Rusya D\u0131\u015fi\u015fleri Bakan\u0131 Sergey Lavrov Ortado\u011fu ve Kuzey Afrika i\u00e7in en b\u00fcy\u00fck tehlikenin ter\u00f6rle temsil oldu\u011funa vurgu yaparak; bu ter\u00f6rle m\u00fccadelede \u00e7abalar\u0131n yo\u011funla\u015ft\u0131r\u0131l\u0131p birle\u015ftirilmesine \u00e7a\u011fr\u0131 yapt\u0131.<\/p>\n<p>Fiji D\u0131\u015fi\u015fleri Bakan\u0131 Inoke Kubuabola ile Moskova&#8217;da d\u00fczenledi\u011fi ortak bas\u0131n toplant\u0131s\u0131nda Lavrov;, ABD idaresinin Suriye&#8217;de \u2018silahl\u0131 muhalefete\u2019 destek olarak 500 milyon dolar ay\u0131rma karar\u0131n\u0131n Rusya taraf\u0131ndan memnuniyetle kar\u015f\u0131lanmad\u0131\u011f\u0131n\u0131 belirtti. \u2018fakat yine de Washington\u2019un bu mebla\u011f\u0131 ter\u00f6r\u00fc desteklemek i\u00e7in ay\u0131rd\u0131\u011f\u0131n\u0131 s\u00f6yleyemem\u2019 \u015feklinde konu\u015fan Lavrov; \u00f6yle ki Suriye&#8217;deki silahl\u0131 ter\u00f6r gruplar\u0131n\u0131n b\u00f6lgesel ve uluslar aras\u0131 g\u00fcvenli\u011fe te\u015fkil ettikleri ciddi tehlikenin ABD idaresi taraf\u0131ndan idrak ve ikrar edilmi\u015f oldu\u011funu s\u00f6yledi.<\/p>\n<p>Temaslarda bulundu\u011fu ABD\u2019li t\u00fcm yetkililerin \u00f6ld\u00fcr\u00fcc\u00fc olmayan yard\u0131mlar\u0131 belirli bir \u015fekilde Suriye&#8217;de ter\u00f6rden uzak duran gruplara takdim edeceklerini belirttiklerini ifade eden Lavrov; bunun ger\u00e7ekten do\u011fru olmas\u0131 ve yard\u0131mlar\u0131n ba\u015fka ellere ge\u00e7memesi umudunu ifade etti.<\/p>\n","protected":false},"excerpt":{"rendered":"<p>MOSKOVA \u2013 Rusya D\u0131\u015fi\u015fleri Bakan\u0131 Sergey Lavrov Ortado\u011fu ve Kuzey Afrika i\u00e7in en b\u00fcy\u00fck tehlikenin ter\u00f6rle temsil oldu\u011funa vurgu yaparak; bu ter\u00f6rle m\u00fccadelede \u00e7abalar\u0131n yo\u011funla\u015ft\u0131r\u0131l\u0131p birle\u015ftirilmesine \u00e7a\u011fr\u0131 yapt\u0131. Fiji D\u0131\u015fi\u015fleri Bakan\u0131 Inoke Kubuabola ile Moskova&#8217;da d\u00fczenledi\u011fi ortak bas\u0131n toplant\u0131s\u0131nda Lavrov;, ABD idaresinin Suriye&#8217;de \u2018silahl\u0131 muhalefete\u2019 destek olarak 500 milyon dolar ay\u0131rma karar\u0131n\u0131n Rusya taraf\u0131ndan memnuniyetle &hellip;<\/p>\n","protected":false},"author":1,"featured_media":4109,"comment_status":"closed","ping_status":"closed","sticky":false,"template":"","format":"standard","meta":{"footnotes":""},"categories":[458,459,447,584],"tags":[889],"class_list":["post-4107","post","type-post","status-publish","format-standard","has-post-thumbnail","","category-dunya1","category-haberler-arap-uluslararasi-politika","category-politika","category-yurtdisinda-sana-ofisleri","tag-lavrov-gercegin-bu-olmasini-umut-ediyoruz"],"_links":{"self":[{"href":"https:\/\/archive.sana.sy\/tr\/index.php?rest_route=\/wp\/v2\/posts\/4107","targetHints":{"allow":["GET"]}}],"collection":[{"href":"https:\/\/archive.sana.sy\/tr\/index.php?rest_route=\/wp\/v2\/posts"}],"about":[{"href":"https:\/\/archive.sana.sy\/tr\/index.php?rest_route=\/wp\/v2\/types\/post"}],"author":[{"embeddable":true,"href":"https:\/\/archive.sana.sy\/tr\/index.php?rest_route=\/wp\/v2\/users\/1"}],"replies":[{"embeddable":true,"href":"https:\/\/archive.sana.sy\/tr\/index.php?rest_route=%2Fwp%2Fv2%2Fcomments&post=4107"}],"version-history":[{"count":0,"href":"https:\/\/archive.sana.sy\/tr\/index.php?rest_route=\/wp\/v2\/posts\/4107\/revisions"}],"wp:featuredmedia":[{"embeddable":true,"href":"https:\/\/archive.sana.sy\/tr\/index.php?rest_route=\/wp\/v2\/media\/4109"}],"wp:attachment":[{"href":"https:\/\/archive.sana.sy\/tr\/index.php?rest_route=%2Fwp%2Fv2%2Fmedia&parent=4107"}],"wp:term":[{"taxonomy":"category","embeddable":true,"href":"https:\/\/archive.sana.sy\/tr\/index.php?rest_route=%2Fwp%2Fv2%2Fcategories&post=4107"},{"taxonomy":"post_tag","embeddable":true,"href":"https:\/\/archive.sana.sy\/tr\/index.php?rest_route=%2Fwp%2Fv2%2Ftags&post=4107"}],"curies":[{"name":"wp","href":"https:\/\/api.w.org\/{rel}","templated":true}]}}