{"id":41070,"date":"2015-07-21T15:30:52","date_gmt":"2015-07-21T12:30:52","guid":{"rendered":"http:\/\/www.sana.sy\/tr\/?p=41070"},"modified":"2015-07-21T15:19:08","modified_gmt":"2015-07-21T12:19:08","slug":"sam-kirsalinin-ebu-el-samat-bolgesinin-biir-temir-mintikasinda-teror-karargahlari-ve-hareketlerini-hedef-alan-hava-guclerimiz-teroristlere-ait-agir-silahlarla-donatilmis-2-araca-ek-olarak-cephane-tasi","status":"publish","type":"post","link":"https:\/\/archive.sana.sy\/tr\/?p=41070","title":{"rendered":"\u015eam k\u0131rsal\u0131n\u0131n Ebu el \u015eamat B\u00f6lgesinin Biir Temir M\u0131nt\u0131kas\u0131nda ter\u00f6r karargahlar\u0131 ve hareketlerini hedef alan hava g\u00fc\u00e7lerimiz ter\u00f6ristlere ait a\u011f\u0131r silahlarla donat\u0131lm\u0131\u015f 2 araca ek olarak cephane ta\u015f\u0131yan bir ara\u00e7lar\u0131n\u0131 imha etti"},"content":{"rendered":"<p>\u015eam k\u0131rsal\u0131n\u0131n Ebu el \u015eamat B\u00f6lgesinin Biir Temir M\u0131nt\u0131kas\u0131nda ter\u00f6r karargahlar\u0131 ve hareketlerini hedef alan hava g\u00fc\u00e7lerimiz ter\u00f6ristlere ait a\u011f\u0131r silahlarla donat\u0131lm\u0131\u015f 2 araca ek olarak cephane ta\u015f\u0131yan bir ara\u00e7lar\u0131n\u0131 imha etti<\/p>\n","protected":false},"excerpt":{"rendered":"<p>\u015eam k\u0131rsal\u0131n\u0131n Ebu el \u015eamat B\u00f6lgesinin Biir Temir M\u0131nt\u0131kas\u0131nda ter\u00f6r karargahlar\u0131 ve hareketlerini hedef alan hava g\u00fc\u00e7lerimiz ter\u00f6ristlere ait a\u011f\u0131r silahlarla donat\u0131lm\u0131\u015f 2 araca ek olarak cephane ta\u015f\u0131yan bir ara\u00e7lar\u0131n\u0131 imha etti<\/p>\n","protected":false},"author":1,"featured_media":0,"comment_status":"closed","ping_status":"closed","sticky":false,"template":"","format":"standard","meta":{"footnotes":""},"categories":[1],"tags":[],"class_list":["post-41070","post","type-post","status-publish","format-standard","","category-news-not-sorted"],"_links":{"self":[{"href":"https:\/\/archive.sana.sy\/tr\/index.php?rest_route=\/wp\/v2\/posts\/41070","targetHints":{"allow":["GET"]}}],"collection":[{"href":"https:\/\/archive.sana.sy\/tr\/index.php?rest_route=\/wp\/v2\/posts"}],"about":[{"href":"https:\/\/archive.sana.sy\/tr\/index.php?rest_route=\/wp\/v2\/types\/post"}],"author":[{"embeddable":true,"href":"https:\/\/archive.sana.sy\/tr\/index.php?rest_route=\/wp\/v2\/users\/1"}],"replies":[{"embeddable":true,"href":"https:\/\/archive.sana.sy\/tr\/index.php?rest_route=%2Fwp%2Fv2%2Fcomments&post=41070"}],"version-history":[{"count":0,"href":"https:\/\/archive.sana.sy\/tr\/index.php?rest_route=\/wp\/v2\/posts\/41070\/revisions"}],"wp:attachment":[{"href":"https:\/\/archive.sana.sy\/tr\/index.php?rest_route=%2Fwp%2Fv2%2Fmedia&parent=41070"}],"wp:term":[{"taxonomy":"category","embeddable":true,"href":"https:\/\/archive.sana.sy\/tr\/index.php?rest_route=%2Fwp%2Fv2%2Fcategories&post=41070"},{"taxonomy":"post_tag","embeddable":true,"href":"https:\/\/archive.sana.sy\/tr\/index.php?rest_route=%2Fwp%2Fv2%2Ftags&post=41070"}],"curies":[{"name":"wp","href":"https:\/\/api.w.org\/{rel}","templated":true}]}}