{"id":41135,"date":"2015-07-22T10:20:49","date_gmt":"2015-07-22T07:20:49","guid":{"rendered":"http:\/\/www.sana.sy\/tr\/?p=41135"},"modified":"2015-07-22T13:21:23","modified_gmt":"2015-07-22T10:21:23","slug":"dera-ve-kirsalinda-urdun-ve-israil-destekli-teroristlere-yonelik-operasyonlarini-surduren-ordu-birliklerimiz-ibta-beldesinde-aralarinda-suudili-bir-tekfircinin-bulundugu-8-teroristi-oldurdu","status":"publish","type":"post","link":"https:\/\/archive.sana.sy\/tr\/?p=41135","title":{"rendered":"Dera ve k\u0131rsal\u0131nda \u00dcrd\u00fcn ve \u0130srail destekli ter\u00f6ristlere y\u00f6nelik operasyonlar\u0131n\u0131 s\u00fcrd\u00fcren ordu birliklerimiz Ibta Beldesinde aralar\u0131nda Suudili bir tekfircinin bulundu\u011fu 8 ter\u00f6risti \u00f6ld\u00fcrd\u00fc"},"content":{"rendered":"<p>Dera ve k\u0131rsal\u0131nda \u00dcrd\u00fcn ve \u0130srail destekli ter\u00f6ristlere y\u00f6nelik operasyonlar\u0131n\u0131 s\u00fcrd\u00fcren ordu birliklerimiz Ibta Beldesinde aralar\u0131nda Suudili bir tekfircinin bulundu\u011fu 8 ter\u00f6risti \u00f6ld\u00fcrd\u00fc<\/p>\n","protected":false},"excerpt":{"rendered":"<p>Dera ve k\u0131rsal\u0131nda \u00dcrd\u00fcn ve \u0130srail destekli ter\u00f6ristlere y\u00f6nelik operasyonlar\u0131n\u0131 s\u00fcrd\u00fcren ordu birliklerimiz Ibta Beldesinde aralar\u0131nda Suudili bir tekfircinin bulundu\u011fu 8 ter\u00f6risti \u00f6ld\u00fcrd\u00fc<\/p>\n","protected":false},"author":1,"featured_media":0,"comment_status":"closed","ping_status":"closed","sticky":false,"template":"","format":"standard","meta":{"footnotes":""},"categories":[1],"tags":[],"class_list":["post-41135","post","type-post","status-publish","format-standard","","category-news-not-sorted"],"_links":{"self":[{"href":"https:\/\/archive.sana.sy\/tr\/index.php?rest_route=\/wp\/v2\/posts\/41135","targetHints":{"allow":["GET"]}}],"collection":[{"href":"https:\/\/archive.sana.sy\/tr\/index.php?rest_route=\/wp\/v2\/posts"}],"about":[{"href":"https:\/\/archive.sana.sy\/tr\/index.php?rest_route=\/wp\/v2\/types\/post"}],"author":[{"embeddable":true,"href":"https:\/\/archive.sana.sy\/tr\/index.php?rest_route=\/wp\/v2\/users\/1"}],"replies":[{"embeddable":true,"href":"https:\/\/archive.sana.sy\/tr\/index.php?rest_route=%2Fwp%2Fv2%2Fcomments&post=41135"}],"version-history":[{"count":0,"href":"https:\/\/archive.sana.sy\/tr\/index.php?rest_route=\/wp\/v2\/posts\/41135\/revisions"}],"wp:attachment":[{"href":"https:\/\/archive.sana.sy\/tr\/index.php?rest_route=%2Fwp%2Fv2%2Fmedia&parent=41135"}],"wp:term":[{"taxonomy":"category","embeddable":true,"href":"https:\/\/archive.sana.sy\/tr\/index.php?rest_route=%2Fwp%2Fv2%2Fcategories&post=41135"},{"taxonomy":"post_tag","embeddable":true,"href":"https:\/\/archive.sana.sy\/tr\/index.php?rest_route=%2Fwp%2Fv2%2Ftags&post=41135"}],"curies":[{"name":"wp","href":"https:\/\/api.w.org\/{rel}","templated":true}]}}