{"id":41180,"date":"2015-07-22T17:02:11","date_gmt":"2015-07-22T14:02:11","guid":{"rendered":"http:\/\/sana.sy\/tr\/?p=41180"},"modified":"2015-07-22T17:08:17","modified_gmt":"2015-07-22T14:08:17","slug":"gelisiguzel-havan-saldirilarinda-5-yarali","status":"publish","type":"post","link":"https:\/\/archive.sana.sy\/tr\/?p=41180","title":{"rendered":"Geli\u015fig\u00fczel Havan Sald\u0131r\u0131lar\u0131nda 5 Yaral\u0131"},"content":{"rendered":"<p>\u015eAM \u2013 \u2018Il\u0131ml\u0131 muhalifler\u2019 olarak adland\u0131r\u0131lan ter\u00f6r \u00e7eteleri \u015eam\u2019\u0131n sivil yerle\u015fim alanlar\u0131n\u0131 yeniden havan mermileriyle hedef ald\u0131.<\/p>\n<p>\u015eam Emniyet M\u00fcd\u00fcrl\u00fc\u011f\u00fcnde bir kaynak SANA muhabirine a\u00e7\u0131klamas\u0131nda ter\u00f6ristlerin f\u0131rlatt\u0131klar\u0131 3 havan roketinin \u015eam\u2019\u0131n Bab Tuma Semtindeki Cura Mahallesine d\u00fc\u015fmesi sonucunda aralar\u0131nda 2 k\u0131z \u00e7ocu\u011funun bulundu\u011fu 5 vatanda\u015f\u0131n yaraland\u0131\u011f\u0131n\u0131 ifade etti.<\/p>\n<p>Kaynak; k\u00f6r ve korkak sald\u0131r\u0131lar\u0131n sivillere ait 3 evde b\u00fcy\u00fck maddi zararlara yol a\u00e7t\u0131\u011f\u0131na dikkat \u00e7ekti.<\/p>\n<p>G\u00fcn\u00fcn ilerleyen saatlerinde a\u00e7\u0131klama yapan ayn\u0131 kaynak; ter\u00f6ristlerin Eski \u015eam Kentinin Bab el Selam, Kivan Semti ve Ticaret Korni\u015fini 3 havan roketiyle hedef ald\u0131klar\u0131n\u0131 s\u00f6yledi. Kaynak bu sald\u0131r\u0131larda be\u015feri isabetlerin olmad\u0131\u011f\u0131na dikkat \u00e7ekerken, vatanda\u015flara ait 2 ev ve birka\u00e7 ara\u00e7ta b\u00fcy\u00fck maddi hasar\u0131n olu\u015ftu\u011funu aktard\u0131.<\/p>\n<p>M.M. &#8211; A.A.<\/p>\n","protected":false},"excerpt":{"rendered":"<p>\u015eAM \u2013 \u2018Il\u0131ml\u0131 muhalifler\u2019 olarak adland\u0131r\u0131lan ter\u00f6r \u00e7eteleri \u015eam\u2019\u0131n sivil yerle\u015fim alanlar\u0131n\u0131 yeniden havan mermileriyle hedef ald\u0131. \u015eam Emniyet M\u00fcd\u00fcrl\u00fc\u011f\u00fcnde bir kaynak SANA muhabirine a\u00e7\u0131klamas\u0131nda ter\u00f6ristlerin f\u0131rlatt\u0131klar\u0131 3 havan roketinin \u015eam\u2019\u0131n Bab Tuma Semtindeki Cura Mahallesine d\u00fc\u015fmesi sonucunda aralar\u0131nda 2 k\u0131z \u00e7ocu\u011funun bulundu\u011fu 5 vatanda\u015f\u0131n yaraland\u0131\u011f\u0131n\u0131 ifade etti. Kaynak; k\u00f6r ve korkak sald\u0131r\u0131lar\u0131n sivillere ait &hellip;<\/p>\n","protected":false},"author":1,"featured_media":41181,"comment_status":"closed","ping_status":"closed","sticky":false,"template":"","format":"standard","meta":{"footnotes":""},"categories":[479,575,478],"tags":[15951],"class_list":["post-41180","post","type-post","status-publish","format-standard","has-post-thumbnail","","category-haberler-yerel","category-olaylar-ve-gercekler","category-yerel","tag-gelisiguzel-havan-saldirilarinda-5-yarali"],"_links":{"self":[{"href":"https:\/\/archive.sana.sy\/tr\/index.php?rest_route=\/wp\/v2\/posts\/41180","targetHints":{"allow":["GET"]}}],"collection":[{"href":"https:\/\/archive.sana.sy\/tr\/index.php?rest_route=\/wp\/v2\/posts"}],"about":[{"href":"https:\/\/archive.sana.sy\/tr\/index.php?rest_route=\/wp\/v2\/types\/post"}],"author":[{"embeddable":true,"href":"https:\/\/archive.sana.sy\/tr\/index.php?rest_route=\/wp\/v2\/users\/1"}],"replies":[{"embeddable":true,"href":"https:\/\/archive.sana.sy\/tr\/index.php?rest_route=%2Fwp%2Fv2%2Fcomments&post=41180"}],"version-history":[{"count":0,"href":"https:\/\/archive.sana.sy\/tr\/index.php?rest_route=\/wp\/v2\/posts\/41180\/revisions"}],"wp:featuredmedia":[{"embeddable":true,"href":"https:\/\/archive.sana.sy\/tr\/index.php?rest_route=\/wp\/v2\/media\/41181"}],"wp:attachment":[{"href":"https:\/\/archive.sana.sy\/tr\/index.php?rest_route=%2Fwp%2Fv2%2Fmedia&parent=41180"}],"wp:term":[{"taxonomy":"category","embeddable":true,"href":"https:\/\/archive.sana.sy\/tr\/index.php?rest_route=%2Fwp%2Fv2%2Fcategories&post=41180"},{"taxonomy":"post_tag","embeddable":true,"href":"https:\/\/archive.sana.sy\/tr\/index.php?rest_route=%2Fwp%2Fv2%2Ftags&post=41180"}],"curies":[{"name":"wp","href":"https:\/\/api.w.org\/{rel}","templated":true}]}}