{"id":4123,"date":"2014-06-28T16:15:35","date_gmt":"2014-06-28T13:15:35","guid":{"rendered":"http:\/\/www.sana.sy\/tr\/?p=4123"},"modified":"2014-06-28T16:56:43","modified_gmt":"2014-06-28T13:56:43","slug":"tam-anlamiyla-direk-bir-saldiridir","status":"publish","type":"post","link":"https:\/\/archive.sana.sy\/tr\/?p=4123","title":{"rendered":"Tam Anlam\u0131yla Direk Bir Sald\u0131r\u0131d\u0131r"},"content":{"rendered":"<p>BEYRUT \u2013 D\u0131\u015fi\u015fleri ve Gurbet\u00e7iler Bakan\u0131 Yard\u0131mc\u0131s\u0131 Faysal Mikdat Suriye&#8217;nin \u00fc\u00e7 y\u0131ldan fazla bir s\u00fcredir tam anlam\u0131yla direk bir sald\u0131r\u0131ya maruz kald\u0131\u011f\u0131n\u0131, belirtti.<\/p>\n<p>L\u00fcbnanl\u0131 el Bina Gazetesinin bug\u00fcnk\u00fc say\u0131s\u0131nda yay\u0131mlad\u0131\u011f\u0131 makalesinde Mikdat; bu sald\u0131r\u0131larda Suriye&#8217;nin y\u0131k\u0131lmas\u0131, g\u00fc\u00e7 kullan\u0131m\u0131 arac\u0131l\u0131\u011f\u0131 ile siyasi sisteminin de\u011fi\u015ftirilmesi ve teslim olmas\u0131n\u0131n hedeflendi\u011fini ifade etti.<\/p>\n<p>Bakan Yard\u0131mc\u0131s\u0131 Mikdat bu hedefin k\u0131sa bir s\u00fcre i\u00e7inde ger\u00e7ekle\u015fmesinin planland\u0131\u011f\u0131na i\u015faret ederken, fakat Suriye halk\u0131n\u0131n ordusu ve y\u00f6netimi etraf\u0131ndan kenetlenip vatan egemenli\u011fi ve onurunu azimle savunmas\u0131n\u0131n Suriye d\u00fc\u015fmanlar\u0131n\u0131 \u00e7ileden \u00e7\u0131kard\u0131\u011f\u0131n\u0131 belirtti.<\/p>\n<p>Suriye d\u00fc\u015fmanlar\u0131n\u0131n olaylar\u0131n ba\u015flamad\u0131\u011f\u0131 ilk anlardan beri dezenformasyonla ge\u00e7ekleri \u00e7arp\u0131tt\u0131klar\u0131na i\u015faret eden Mikdat; hedeflerine ula\u015fmak i\u00e7in insan haklar\u0131, ahlak ilkeleri, uluslar aras\u0131 kanunlar ve her \u015feyi aleni bir \u015fekilde ihlal ettiklerine dikkat \u00e7ekti.<\/p>\n<p>Bakan Yard\u0131mc\u0131s\u0131 Mikdat Suriye&#8217;nin maruz kald\u0131\u011f\u0131 sald\u0131r\u0131n\u0131n, NATO\u2019nun Libya&#8217;ya bulundu\u011fu askeri sald\u0131r\u0131dan fark\u0131 olmad\u0131\u011f\u0131na dikkat \u00e7ekerek, Suriye&#8217;de \u00e7okuluslu ter\u00f6r \u00e7eteleri arac\u0131l\u0131\u011f\u0131 ile insanlar\u0131, kurumlar\u0131 ve her \u015feyi s\u0131n\u0131r yada ilke tan\u0131madan hedef ald\u0131klar\u0131n\u0131 belirtti.<\/p>\n","protected":false},"excerpt":{"rendered":"<p>BEYRUT \u2013 D\u0131\u015fi\u015fleri ve Gurbet\u00e7iler Bakan\u0131 Yard\u0131mc\u0131s\u0131 Faysal Mikdat Suriye&#8217;nin \u00fc\u00e7 y\u0131ldan fazla bir s\u00fcredir tam anlam\u0131yla direk bir sald\u0131r\u0131ya maruz kald\u0131\u011f\u0131n\u0131, belirtti. L\u00fcbnanl\u0131 el Bina Gazetesinin bug\u00fcnk\u00fc say\u0131s\u0131nda yay\u0131mlad\u0131\u011f\u0131 makalesinde Mikdat; bu sald\u0131r\u0131larda Suriye&#8217;nin y\u0131k\u0131lmas\u0131, g\u00fc\u00e7 kullan\u0131m\u0131 arac\u0131l\u0131\u011f\u0131 ile siyasi sisteminin de\u011fi\u015ftirilmesi ve teslim olmas\u0131n\u0131n hedeflendi\u011fini ifade etti. Bakan Yard\u0131mc\u0131s\u0131 Mikdat bu hedefin k\u0131sa &hellip;<\/p>\n","protected":false},"author":1,"featured_media":4124,"comment_status":"closed","ping_status":"closed","sticky":false,"template":"","format":"standard","meta":{"footnotes":""},"categories":[556,458,447,560],"tags":[893],"class_list":["post-4123","post","type-post","status-publish","format-standard","has-post-thumbnail","","category-basin","category-dunya1","category-politika","category-secme-makaleler","tag-tam-anlamiyla-direk-bir-saldiridir"],"_links":{"self":[{"href":"https:\/\/archive.sana.sy\/tr\/index.php?rest_route=\/wp\/v2\/posts\/4123","targetHints":{"allow":["GET"]}}],"collection":[{"href":"https:\/\/archive.sana.sy\/tr\/index.php?rest_route=\/wp\/v2\/posts"}],"about":[{"href":"https:\/\/archive.sana.sy\/tr\/index.php?rest_route=\/wp\/v2\/types\/post"}],"author":[{"embeddable":true,"href":"https:\/\/archive.sana.sy\/tr\/index.php?rest_route=\/wp\/v2\/users\/1"}],"replies":[{"embeddable":true,"href":"https:\/\/archive.sana.sy\/tr\/index.php?rest_route=%2Fwp%2Fv2%2Fcomments&post=4123"}],"version-history":[{"count":0,"href":"https:\/\/archive.sana.sy\/tr\/index.php?rest_route=\/wp\/v2\/posts\/4123\/revisions"}],"wp:featuredmedia":[{"embeddable":true,"href":"https:\/\/archive.sana.sy\/tr\/index.php?rest_route=\/wp\/v2\/media\/4124"}],"wp:attachment":[{"href":"https:\/\/archive.sana.sy\/tr\/index.php?rest_route=%2Fwp%2Fv2%2Fmedia&parent=4123"}],"wp:term":[{"taxonomy":"category","embeddable":true,"href":"https:\/\/archive.sana.sy\/tr\/index.php?rest_route=%2Fwp%2Fv2%2Fcategories&post=4123"},{"taxonomy":"post_tag","embeddable":true,"href":"https:\/\/archive.sana.sy\/tr\/index.php?rest_route=%2Fwp%2Fv2%2Ftags&post=4123"}],"curies":[{"name":"wp","href":"https:\/\/api.w.org\/{rel}","templated":true}]}}