{"id":41236,"date":"2015-07-23T18:45:15","date_gmt":"2015-07-23T15:45:15","guid":{"rendered":"http:\/\/sana.sy\/tr\/?p=41236"},"modified":"2015-07-24T15:39:13","modified_gmt":"2015-07-24T12:39:13","slug":"hain-ve-kiraliklarin-agir-kayiplari-artiyor-2","status":"publish","type":"post","link":"https:\/\/archive.sana.sy\/tr\/?p=41236","title":{"rendered":"Hain ve Kiral\u0131klar\u0131n A\u011f\u0131r Kay\u0131plar\u0131 Art\u0131yor"},"content":{"rendered":"<p>\u0130LLER \u2013 Vatan koruyucular\u0131m\u0131z yurdun muhtelif b\u00f6lgelerinde d\u0131\u015f g\u00fc\u00e7lerin destekleri ile ter\u00f6r ve vah\u015fet estiren hain ve tekfirci ter\u00f6r \u00e7etelerine kar\u015f\u0131 ba\u015far\u0131l\u0131 operasyonlar\u0131n\u0131 s\u00fcrd\u00fcr\u00fcrken, say\u0131 ve te\u00e7hizatlar\u0131yla a\u011f\u0131r kay\u0131plara u\u011fratmaya devam ediyor.<\/p>\n<p><span style=\"color: #0000ff\">DERA :<\/span><\/p>\n<p>Dera\u2019da \u00dcrd\u00fcn ve \u0130srail destekli ter\u00f6r \u00f6rg\u00fctlere kar\u015f\u0131 operasyonlar\u0131n\u0131 s\u00fcrd\u00fcren ordu birliklerimizden bir kaynak bug\u00fcn tekfirci ve vatan hainlere ait \u00e7ok say\u0131da top rampas\u0131n\u0131n yan\u0131 s\u0131ra a\u011f\u0131r silahlarla donat\u0131lm\u0131\u015f bir\u00e7ok z\u0131rhl\u0131 arac\u0131 imha ettiklerini belirtti.<\/p>\n<p>Kaynak; ordu birliklerimizin Dera k\u0131rsal\u0131n\u0131n kuzeybat\u0131s\u0131 Makas el Hacar, Azm Binalar\u0131 ve Tel Anter\u2019in bat\u0131s\u0131 b\u00f6lgelerinde ter\u00f6ristlerin yerle\u015fim alanlar\u0131n\u0131 f\u00fczelerle hedef almada kulland\u0131klar\u0131 rampalar\u0131n\u0131 imha ettiklerini ifade etti. Kaynak operasyonda Nusra Cephesi ve \u2018Ahrar el \u015eam \u0130slami Hareketi\u2019 \u00e7etelerinden \u00e7ok say\u0131da ter\u00f6ristin \u00f6l\u00fc ve yaral\u0131 d\u00fc\u015f\u00fcr\u00fcld\u00fc\u011f\u00fcn\u00fc aktard\u0131.<\/p>\n<p>Dera k\u0131rsal\u0131 Yaduda Beldesinde de ordu birliklerimizin Nusra Cephesi ve di\u011fer \u00f6rg\u00fctlerin yuva ve k\u00fcmelenme yerlerini hedef ald\u0131klar\u0131n\u0131 aktaran kaynak; buralarda da \u00e7ok say\u0131da ter\u00f6risti \u00f6l\u00fc ve yaral\u0131 d\u00fc\u015f\u00fcr\u00fcp havzalar\u0131nda bulunan silah ve m\u00fchimmat\u0131 imha ettiklerini belirtti.<\/p>\n<p>Kaynak; Dera k\u0131rsal\u0131n\u0131n do\u011fusu Sayda Beldesi ve tah\u0131l silolar\u0131 b\u00f6lgesine ilaveten Dera Beled\u2019te ter\u00f6ristlerin toplanma yerleri ve mevkilerine y\u00f6nelik nitelikli operasyonlar\u0131n\u0131 s\u00fcrd\u00fcren ordu birliklerimizin yine bir\u00e7ok ter\u00f6risti \u00f6ld\u00fcrd\u00fcklerini s\u00f6yledi.<\/p>\n<p>Dera k\u0131rsal\u0131n\u0131n Mzeyrib B\u00f6lgesinin do\u011fusunda ter\u00f6ristlere y\u00f6nelik operasyonlar\u0131nda ordu birliklerimiz; \u2018Fursan el Cenub Taburu\u2019 ter\u00f6r \u00e7etelerinin lideri Saddam el Cebbavi ve \u2018Mzeyrib \u015eehitleri Taburu\u2019 ter\u00f6r \u00e7etelerinin lideri Muhammed Abd\u00fcrrahim el Ganim\u2019in aralar\u0131nda bulunduklar\u0131 bir ter\u00f6r grubunun t\u00fcm \u00fcyelerini ara\u00e7 ve silahlar\u0131yla birlikte etkisizle\u015ftirdi.<\/p>\n<p><span style=\"color: #0000ff\">\u0130DL\u0130B :<\/span><\/p>\n<p>Askeri kaynak; hava g\u00fc\u00e7lerimizin \u0130dlib k\u0131rsal\u0131 Sifohen, Muarh\u0131rme, Deb\u015fiye, Um Crin, el Habit, Muarret M\u0131srin, Ram Hamdan ve Benni\u015f b\u00f6lgelerinde Nusra Cephesinin siper ve karargahlar\u0131n\u0131 muhtevalar\u0131yla birlikte imha ettiklerini belirtti.<\/p>\n<p><span style=\"color: #0000ff\">HOMS :<\/span><\/p>\n<p>Bu arada askeri kaynak; Homs k\u0131rsal\u0131n\u0131n do\u011fusu el Basiyre, Um Tuvayne, Sultaniye, Unk el Hava, \u015eummeriye \u0130stasyonu \u00e7evresi, Cbab Hamad, Tvaynan ve Bat\u0131 Habra b\u00f6lgelerinde ise ordu birliklerimizin I\u015e\u0130D\u2019in ara\u00e7 ve toplanma yerlerini imha edip \u00e7ok say\u0131da ter\u00f6risti \u00f6l\u00fc ve yaral\u0131 d\u00fc\u015f\u00fcrd\u00fcklerini aktard\u0131.<\/p>\n<p><span style=\"color: #0000ff\">HASEKE :<\/span><\/p>\n<p>Ulusalc\u0131 Destek g\u00fc\u00e7leriyle birlikte Haseke\u2019de I\u015e\u0130D \u00e7etelerine kar\u015f\u0131 operasyonlar\u0131n\u0131 s\u00fcrd\u00fcren ordu birliklerimiz Gvayran Semtinin g\u00fcneydo\u011fu kenarlar\u0131na d\u00fc\u015fen Mezarl\u0131k \u00e7evresindeki bina bloklar\u0131nda \u00e7ok say\u0131da tekfirciyi \u00f6ld\u00fcrmeleri ard\u0131ndan tamamen kontrollerine ald\u0131lar.<\/p>\n<p>Bu arada ordu birliklerimize tabi bomba imha ekipleri Haseke Kentinin Bat\u0131 Na\u015fve Semtinin do\u011fu b\u00f6l\u00fcm\u00fcnde 6 bomba d\u00fczene\u011fini etkisizle\u015ftirdi.<\/p>\n<p>M.M. &#8211; A.A.<\/p>\n","protected":false},"excerpt":{"rendered":"<p>\u0130LLER \u2013 Vatan koruyucular\u0131m\u0131z yurdun muhtelif b\u00f6lgelerinde d\u0131\u015f g\u00fc\u00e7lerin destekleri ile ter\u00f6r ve vah\u015fet estiren hain ve tekfirci ter\u00f6r \u00e7etelerine kar\u015f\u0131 ba\u015far\u0131l\u0131 operasyonlar\u0131n\u0131 s\u00fcrd\u00fcr\u00fcrken, say\u0131 ve te\u00e7hizatlar\u0131yla a\u011f\u0131r kay\u0131plara u\u011fratmaya devam ediyor. DERA : Dera\u2019da \u00dcrd\u00fcn ve \u0130srail destekli ter\u00f6r \u00f6rg\u00fctlere kar\u015f\u0131 operasyonlar\u0131n\u0131 s\u00fcrd\u00fcren ordu birliklerimizden bir kaynak bug\u00fcn tekfirci ve vatan hainlere ait \u00e7ok &hellip;<\/p>\n","protected":false},"author":1,"featured_media":41237,"comment_status":"closed","ping_status":"closed","sticky":false,"template":"","format":"standard","meta":{"footnotes":""},"categories":[575],"tags":[832],"class_list":["post-41236","post","type-post","status-publish","format-standard","has-post-thumbnail","","category-olaylar-ve-gercekler","tag-hain-ve-kiraliklarin-agir-kayiplari-artiyor"],"_links":{"self":[{"href":"https:\/\/archive.sana.sy\/tr\/index.php?rest_route=\/wp\/v2\/posts\/41236","targetHints":{"allow":["GET"]}}],"collection":[{"href":"https:\/\/archive.sana.sy\/tr\/index.php?rest_route=\/wp\/v2\/posts"}],"about":[{"href":"https:\/\/archive.sana.sy\/tr\/index.php?rest_route=\/wp\/v2\/types\/post"}],"author":[{"embeddable":true,"href":"https:\/\/archive.sana.sy\/tr\/index.php?rest_route=\/wp\/v2\/users\/1"}],"replies":[{"embeddable":true,"href":"https:\/\/archive.sana.sy\/tr\/index.php?rest_route=%2Fwp%2Fv2%2Fcomments&post=41236"}],"version-history":[{"count":0,"href":"https:\/\/archive.sana.sy\/tr\/index.php?rest_route=\/wp\/v2\/posts\/41236\/revisions"}],"wp:featuredmedia":[{"embeddable":true,"href":"https:\/\/archive.sana.sy\/tr\/index.php?rest_route=\/wp\/v2\/media\/41237"}],"wp:attachment":[{"href":"https:\/\/archive.sana.sy\/tr\/index.php?rest_route=%2Fwp%2Fv2%2Fmedia&parent=41236"}],"wp:term":[{"taxonomy":"category","embeddable":true,"href":"https:\/\/archive.sana.sy\/tr\/index.php?rest_route=%2Fwp%2Fv2%2Fcategories&post=41236"},{"taxonomy":"post_tag","embeddable":true,"href":"https:\/\/archive.sana.sy\/tr\/index.php?rest_route=%2Fwp%2Fv2%2Ftags&post=41236"}],"curies":[{"name":"wp","href":"https:\/\/api.w.org\/{rel}","templated":true}]}}