{"id":41245,"date":"2015-07-24T11:20:41","date_gmt":"2015-07-24T08:20:41","guid":{"rendered":"http:\/\/sana.sy\/tr\/?p=41245"},"modified":"2015-07-24T11:20:41","modified_gmt":"2015-07-24T08:20:41","slug":"guvenlik-ve-istikrar-ancak-kapsamli-barisla-saglanabilir","status":"publish","type":"post","link":"https:\/\/archive.sana.sy\/tr\/?p=41245","title":{"rendered":"G\u00fcvenlik ve \u0130stikrar Ancak Kapsaml\u0131 Bar\u0131\u015fla Sa\u011flanabilir"},"content":{"rendered":"<p>NEW YORK \u2013 Suriye&#8217;nin Birle\u015fmi\u015f Milletlerdeki daimi temsilcisi Be\u015f\u015far el Caferi \u015fayet Ortado\u011fu B\u00f6lgesinde ger\u00e7ekten sava\u015f ihtimallerini yok etmek, bar\u0131\u015f olana\u011f\u0131 sa\u011flamak, kanlar\u0131n ak\u0131t\u0131lmas\u0131na son vermek ve uluslar aras\u0131 ittifakla ter\u00f6re kar\u015f\u0131 sava\u015fmak isteniyorsa BM\u2019nin Ortado\u011fu bar\u0131\u015f s\u00fcrecini g\u00f6zetleyen devletlerle ciddi bir \u015fekilde \u00e7al\u0131\u015fmas\u0131na ek olarak bu s\u00fcreci durdu\u011fu yerden canland\u0131r\u0131p etkinle\u015ftirmesi gerekti\u011fini vurgulad\u0131.<\/p>\n<p>BM G\u00fcvenlik Konseyinin Ortado\u011fu B\u00f6lgesindeki durumlara ili\u015fkin d\u00fczenledi\u011fi oturumda konu\u015fan Caferi; b\u00f6lgenin ancak ve ancak BM\u2019nin ilgili kararlar\u0131 ve \u2018toprak kar\u015f\u0131l\u0131\u011f\u0131nda bar\u0131\u015f\u2019 ilkesi temelinde sa\u011flanacak adil ve kapsaml\u0131 bar\u0131\u015f\u0131n sa\u011flanmas\u0131yla g\u00fcvenlik ve istikrara kavu\u015fabilece\u011fine dikkat \u00e7ekti.<\/p>\n<p>Suriye&#8217;de mevcut kriz s\u0131ras\u0131nda i\u015fgalci \u0130srail&#8217;in uluslar aras\u0131 ihlallerine bir yenisini daha ekledi\u011fini ifade eden Caferi; \u0130srail&#8217;in Suriye&#8217;nin Golan topraklar\u0131ndaki ate\u015fkes b\u00f6lgesinde Kaide \u00d6rg\u00fct\u00fcn\u00fcn Suriye kolu Nusra Cephesi ter\u00f6ristlerine deste\u011fine dikkat \u00e7ekti. Caferi i\u015fgal otoritelerinin s\u00f6z konusu b\u00f6lgede tekfirci ter\u00f6ristlere sa\u011flad\u0131\u011f\u0131 destekle 1974 tarihli g\u00fc\u00e7leri ay\u0131rma anla\u015fmas\u0131n\u0131 ve 1948 tarihli ate\u015fkes anla\u015fmas\u0131n\u0131 ihlal etmesinin yan\u0131nda b\u00f6lgede g\u00f6rev yapan uluslar aras\u0131 bar\u0131\u015f g\u00fc\u00e7leri UNDOF g\u00f6revlilerinin g\u00fcvenli\u011fini tehlikeye maruz b\u0131rakt\u0131\u011f\u0131n\u0131 ifade etti.<\/p>\n<p>Son s\u00fcre\u00e7te konuyla ilgili ger\u00e7ek ve nesnellikten uzak beyanlar yay\u0131nland\u0131\u011f\u0131na dikkat \u00e7eken Caferi; \u201c&#8230; bu beyanlar Ortado\u011fu Bar\u0131\u015f S\u00fcreci \u00d6zel Koordinat\u00f6r\u00fcne verilen yetki ve g\u00fc\u00e7leri ay\u0131rma ve ate\u015fkes anla\u015fmalar\u0131n\u0131 g\u00f6rmezden gelmektedir. Ancak b\u00fct\u00fcn bunlardan da \u00fcz\u00fcc\u00fc olan \u015fey, \u00d6zel Koordinat\u00f6r\u00fcn kendisinin bile kendisine verilen yetkinin d\u0131\u015f\u0131nda kalmay\u0131 uygun g\u00f6rerek Yemen, Irak, Libya ve di\u011fer b\u00fct\u00fcn konular hakk\u0131nda konu\u015furken \u0130\u015fgal alt\u0131ndaki Suriye topraklar\u0131 Golan ile ilgili tek bir kelime s\u00f6ylememesidir\u2026\u201d \u015feklinde konu\u015ftu.<\/p>\n<p>1974 G\u00fc\u00e7leri Ay\u0131rma Anla\u015fmas\u0131 ve 1948 Ate\u015fkes Anla\u015fmas\u0131n\u0131n yeniden d\u00fczenlenmesi ve \u0130srail \u00fczerindeki bask\u0131n\u0131n azalt\u0131lmas\u0131na ili\u015fkin s\u00f6ylem ve talepleri de\u011ferlendiren Caferi, ABD\u2019nin Daimi BM Temsilcisinin, diplomasi ilkelerinin d\u0131\u015f\u0131na \u00e7\u0131karak Suriye&#8217;ye kar\u015f\u0131 d\u00fc\u015fmanl\u0131k i\u00e7erikli bir bas\u0131n a\u00e7\u0131klamas\u0131 yapar gibi beyan\u0131n\u0131 dillendirmekte herhangi bir sak\u0131nca g\u00f6rmedi\u011fini dile getirerek ABD\u2019li meslekta\u015f\u0131n\u0131n beyan\u0131nda dillendirdi\u011fi bilgilerin t\u00fcm\u00fcn\u00fcn \u015f\u00fcpheli kaynaklardan elde edilmi\u015f ve kendi \u00fclkesinin istihbarat\u0131n\u0131n bile ger\u00e7ek olmad\u0131\u011f\u0131n\u0131 bildi\u011fi bilgiler oldu\u011funun alt\u0131n\u0131 \u00e7izdi.<\/p>\n<p>Ad\u0131 ge\u00e7en anla\u015fmalar\u0131n \u00f6z\u00fcn\u00fc \u201cbar\u0131\u015f\u0131 sa\u011flamak ve Arap topraklar\u0131ndaki \u0130srail i\u015fgali sonland\u0131r\u0131larak Filistin devletinin kurulmas\u0131\u201d \u015feklinde \u00f6zetleyen Caferi; ABD\u2019li meslekta\u015f\u0131na, kendi \u00fclkesinin Cumhurba\u015fkan\u0131 Yard\u0131mc\u0131s\u0131 Joe Biden\u2019in son s\u00fcre\u00e7te ABD\u2019li bir \u00dcniversitenin \u00d6\u011frencileri ile yapt\u0131\u011f\u0131 g\u00f6r\u00fc\u015fme s\u0131ras\u0131nda ifade etti\u011fi \u201cABD\u2019nin Suriye&#8217;deki problemi; m\u00fcttefiklerinin Suriye&#8217;de bulunan ter\u00f6r\u00fc desteklemeleridir\u201d \u015feklindeki s\u00f6ylemini hat\u0131rlatt\u0131.<\/p>\n<p>BM\u2019nin, \u00f6z\u00fcnde ba\u011f\u0131ms\u0131z Filistin devleti kurulmas\u0131 konusu bulunan, Arap-\u0130srail \u00e7at\u0131\u015fmas\u0131 ile ilgili bentlerin yeniden d\u00fczenlenmesine ili\u015fin alaca\u011f\u0131 kararlar\u0131n tarihi, hukuki, ahlaki ve siyasi sorumlulu\u011funu \u00fcstlenmesi gere\u011fine vurgu yapan Caferi; \u0130srail\u2019in BM \u00fcyeli\u011finin kabul edildi\u011fi 1949\/273 nolu kararda \u0130srail\u2019e; Ba\u011f\u0131ms\u0131z Filistin Devleti kurulmas\u0131n\u0131 onaylayan 1947\/181 nolu ve Filistinli m\u00fcltecilerin topraklar\u0131na ve evlerine yeniden d\u00f6nmelerini onaylayan 1948\/194 nolu kararlara uymas\u0131 \u015fart\u0131 getirildi\u011fini vurguyla hat\u0131rlatt\u0131.<\/p>\n<p>\u0130srail\u2019in BM \u00fcyeli\u011fine ko\u015fullu olarak kabul edilmesinden sonra ya\u015fananlar\u0131n \u00f6n\u00fc s\u00fcr\u00fclen ko\u015fullar\u0131n tamamen tersi oldu\u011funa i\u015faret eden Caferi, BM\u2019nin 181 nolu karar\u0131n\u0131n yar\u0131s\u0131n\u0131 uygularken 194 nolu karar\u0131ndan tamamen vazge\u00e7erek Filistin halk\u0131n\u0131 sonu gelmeyen bir i\u015fgal alt\u0131nda ve i\u015fgalin vah\u015fi bask\u0131-sald\u0131r\u0131lar\u0131 alt\u0131nda ya\u015famaya mahkum etti\u011fini belirtti.<\/p>\n<p>BM\u2019nin kendi kararlayr\u0131n\u0131 uygulamada pasif kalmas\u0131 ve s\u00f6zde \u00f6zg\u00fcrl\u00fck-demokrasi-adalet savunucular\u0131n\u0131n verdi\u011fi deste\u011fin \u0130srail\u2019e b\u00f6lgede bulunan devlet ve halklara kar\u015f\u0131 sald\u0131r\u0131 \u00fcst\u00fcne sald\u0131r\u0131 d\u00fczenleme g\u00fcc\u00fc verdi\u011fine de\u011finen Caferi, \u0130srail h\u00fck\u00fcmetlerinin i\u015fledikleri sava\u015f ve insanl\u0131k su\u00e7lar\u0131n\u0131n BM\u2019nin haz\u0131rlad\u0131\u011f\u0131 bir\u00e7ok raporda belgelendi\u011fini beyan etti.<\/p>\n<p>Konu\u015fmas\u0131nda Suriye&#8217;de ya\u015fanmakta olan krize de yer veren Caferi; \u201c\u2026 Suriye halk\u0131n\u0131n haklar\u0131na \u00f6nem verdi\u011fini iddia eden ve bu haklara ili\u015fkin konferans ve toplant\u0131 \u00e7a\u011fr\u0131lar\u0131n\u0131 yar\u0131\u015ft\u0131ran kimi devletler ya\u015fanan olaylarla ilgili \u00e7arp\u0131tma ve yalanlar\u0131n \u00f6nc\u00fcl\u00fc\u011f\u00fcn\u00fc yapt\u0131lar. Suriye halk\u0131n\u0131n haklar\u0131 i\u00e7in timsah g\u00f6zya\u015flar\u0131 d\u00f6ken bu devletler; BM\u2019nin Golan topraklar\u0131n\u0131n iade edilmesine ili\u015fkin 497 nolu karar\u0131n\u0131n uygulanmas\u0131n\u0131 Suriye halk\u0131n\u0131n bir hakk\u0131n\u0131n gasp edilmesi demek de\u011filmi\u015f ve hatta Golan hi\u00e7bir \u015fekilde Suriye topraklar\u0131 de\u011filmi\u015f gibi 1981 y\u0131l\u0131nda \u0130srail\u2019in Golan topraklar\u0131n\u0131 i\u015fgal etmesi ile ilgili tek bir kelime bile sarf etme gere\u011fi g\u00f6rmemi\u015flerdir.\u2026\u201d dedi.<\/p>\n<p>\u0130srail\u2019in Suriye&#8217;de ya\u015fanmakta olan kriz s\u00fcrecinde yapt\u0131\u011f\u0131 ihlaller ve Suriye halk\u0131n\u0131n kan\u0131n\u0131 ak\u0131tan Nusra Cephesi ter\u00f6r \u00f6rg\u00fct\u00fcn\u00fc Golan Ayr\u0131l\u0131k \u015eeridinde desteklemesinin BM Genel Sekreteri\u2019nin UNDOF ile ilgili haz\u0131rlad\u0131\u011f\u0131 raporlar ve \u0130srail medyas\u0131n\u0131n yay\u0131nlad\u0131\u011f\u0131 bas\u0131n raporlar\u0131yla kan\u0131tland\u0131\u011f\u0131na i\u015faret eden Caferi, Golan\u2019da 21 Suriyelinin anavatanlar\u0131n\u0131 desteklemekten vazge\u00e7memeleri nedeniyle Nusra Cephesi taraf\u0131ndan katledilmesini \u0130srail\u2019in ter\u00f6r\u00fc desteklemesinin sonu\u00e7lar\u0131ndan biri oldu\u011funu ibraz etti.<\/p>\n<p>F.B. &#8211; R.H.<\/p>\n","protected":false},"excerpt":{"rendered":"<p>NEW YORK \u2013 Suriye&#8217;nin Birle\u015fmi\u015f Milletlerdeki daimi temsilcisi Be\u015f\u015far el Caferi \u015fayet Ortado\u011fu B\u00f6lgesinde ger\u00e7ekten sava\u015f ihtimallerini yok etmek, bar\u0131\u015f olana\u011f\u0131 sa\u011flamak, kanlar\u0131n ak\u0131t\u0131lmas\u0131na son vermek ve uluslar aras\u0131 ittifakla ter\u00f6re kar\u015f\u0131 sava\u015fmak isteniyorsa BM\u2019nin Ortado\u011fu bar\u0131\u015f s\u00fcrecini g\u00f6zetleyen devletlerle ciddi bir \u015fekilde \u00e7al\u0131\u015fmas\u0131na ek olarak bu s\u00fcreci durdu\u011fu yerden canland\u0131r\u0131p etkinle\u015ftirmesi gerekti\u011fini vurgulad\u0131. BM &hellip;<\/p>\n","protected":false},"author":1,"featured_media":41246,"comment_status":"closed","ping_status":"closed","sticky":false,"template":"","format":"standard","meta":{"footnotes":""},"categories":[458,459,447,2554,2555],"tags":[],"class_list":["post-41245","post","type-post","status-publish","format-standard","has-post-thumbnail","","category-dunya1","category-haberler-arap-uluslararasi-politika","category-politika","category-suriye-ve-dunya","category-suriye-ve-turkiye"],"_links":{"self":[{"href":"https:\/\/archive.sana.sy\/tr\/index.php?rest_route=\/wp\/v2\/posts\/41245","targetHints":{"allow":["GET"]}}],"collection":[{"href":"https:\/\/archive.sana.sy\/tr\/index.php?rest_route=\/wp\/v2\/posts"}],"about":[{"href":"https:\/\/archive.sana.sy\/tr\/index.php?rest_route=\/wp\/v2\/types\/post"}],"author":[{"embeddable":true,"href":"https:\/\/archive.sana.sy\/tr\/index.php?rest_route=\/wp\/v2\/users\/1"}],"replies":[{"embeddable":true,"href":"https:\/\/archive.sana.sy\/tr\/index.php?rest_route=%2Fwp%2Fv2%2Fcomments&post=41245"}],"version-history":[{"count":0,"href":"https:\/\/archive.sana.sy\/tr\/index.php?rest_route=\/wp\/v2\/posts\/41245\/revisions"}],"wp:featuredmedia":[{"embeddable":true,"href":"https:\/\/archive.sana.sy\/tr\/index.php?rest_route=\/wp\/v2\/media\/41246"}],"wp:attachment":[{"href":"https:\/\/archive.sana.sy\/tr\/index.php?rest_route=%2Fwp%2Fv2%2Fmedia&parent=41245"}],"wp:term":[{"taxonomy":"category","embeddable":true,"href":"https:\/\/archive.sana.sy\/tr\/index.php?rest_route=%2Fwp%2Fv2%2Fcategories&post=41245"},{"taxonomy":"post_tag","embeddable":true,"href":"https:\/\/archive.sana.sy\/tr\/index.php?rest_route=%2Fwp%2Fv2%2Ftags&post=41245"}],"curies":[{"name":"wp","href":"https:\/\/api.w.org\/{rel}","templated":true}]}}