{"id":41248,"date":"2015-07-24T11:25:59","date_gmt":"2015-07-24T08:25:59","guid":{"rendered":"http:\/\/sana.sy\/tr\/?p=41248"},"modified":"2015-07-24T11:25:59","modified_gmt":"2015-07-24T08:25:59","slug":"ordu-teroristlerden-temizledigini-ilan-eder-etmez-ahali-evlerine-dondu","status":"publish","type":"post","link":"https:\/\/archive.sana.sy\/tr\/?p=41248","title":{"rendered":"Ordu Ter\u00f6ristlerden Temizledi\u011fini \u0130lan Eder Etmez Ahali Evlerine D\u00f6nd\u00fc"},"content":{"rendered":"<p>HASEKE \u2013 Vatan koruyucular\u0131 ordu birliklerimizin Haseke Kentinin Gvayran Semtinin g\u00fcneydo\u011fusunda mezarl\u0131k \u00e7evresindeki bina bloklar\u0131n\u0131 I\u015e\u0130D ter\u00f6ristlerinden temizledi\u011fini ilan eder etmez Gvayran ahalisinden y\u00fczlerce vatanda\u015f evlerine d\u00f6nmeye ak\u0131n etti.<\/p>\n<p>Ahali kahraman ordu birliklerimizin ulusalc\u0131 destek g\u00fc\u00e7leriyle birlikte vatanda\u015flar\u0131n g\u00fcven i\u00e7inde evlerine d\u00f6n\u00fc\u015flerini sa\u011flamak amac\u0131yla duyarl\u0131l\u0131k ve \u00f6zveriyle kahramanca ter\u00f6ristlere kar\u015f\u0131 sava\u015ft\u0131klar\u0131n\u0131 belirtirken, Haseke ilinin her kar\u0131\u015f topra\u011f\u0131nda g\u00fcvenli\u011fin sa\u011flanmas\u0131 i\u00e7in ordu birliklerimize tam desteklerini vurgulad\u0131lar.<\/p>\n<p>\u00d6te yandan Haseke Valisi Muhammed Zeal el Ali; t\u00fcm vatanda\u015flar\u0131n g\u00fcven i\u00e7inde evlerine d\u00f6nebileceklerini ifade ederken; ilgili t\u00fcm ekiplerin t\u00fcm hizmet kurumlar\u0131 ve \u015febekelerini onarmak i\u00e7in yar\u0131ndan itibaren seferber olacaklar\u0131n\u0131 belirtti.<\/p>\n<div id='gallery-1' class='gallery galleryid-41248 gallery-columns-2 gallery-size-medium'><figure class='gallery-item'>\n\t\t\t<div class='gallery-icon landscape'>\n\t\t\t\t<a href='https:\/\/archive.sana.sy\/tr\/wp-content\/uploads\/2015\/07\/haseke-21.jpg'><img loading=\"lazy\" decoding=\"async\" width=\"300\" height=\"160\" src=\"https:\/\/archive.sana.sy\/tr\/wp-content\/uploads\/2015\/07\/haseke-21-300x160.jpg\" class=\"attachment-medium size-medium\" alt=\"\" srcset=\"https:\/\/archive.sana.sy\/tr\/wp-content\/uploads\/2015\/07\/haseke-21-300x160.jpg 300w, https:\/\/archive.sana.sy\/tr\/wp-content\/uploads\/2015\/07\/haseke-21-150x80.jpg 150w, https:\/\/archive.sana.sy\/tr\/wp-content\/uploads\/2015\/07\/haseke-21.jpg 620w\" sizes=\"auto, (max-width: 300px) 100vw, 300px\" \/><\/a>\n\t\t\t<\/div><\/figure><figure class='gallery-item'>\n\t\t\t<div class='gallery-icon landscape'>\n\t\t\t\t<a href='https:\/\/archive.sana.sy\/tr\/wp-content\/uploads\/2015\/07\/haseke-3.jpg'><img loading=\"lazy\" decoding=\"async\" width=\"300\" height=\"160\" src=\"https:\/\/archive.sana.sy\/tr\/wp-content\/uploads\/2015\/07\/haseke-3-300x160.jpg\" class=\"attachment-medium size-medium\" alt=\"\" srcset=\"https:\/\/archive.sana.sy\/tr\/wp-content\/uploads\/2015\/07\/haseke-3-300x160.jpg 300w, https:\/\/archive.sana.sy\/tr\/wp-content\/uploads\/2015\/07\/haseke-3-150x80.jpg 150w, https:\/\/archive.sana.sy\/tr\/wp-content\/uploads\/2015\/07\/haseke-3.jpg 620w\" sizes=\"auto, (max-width: 300px) 100vw, 300px\" \/><\/a>\n\t\t\t<\/div><\/figure>\n\t\t<\/div>\n\n<p>A.A. &#8211; R.H.<\/p>\n<p>&nbsp;<\/p>\n","protected":false},"excerpt":{"rendered":"<p>HASEKE \u2013 Vatan koruyucular\u0131 ordu birliklerimizin Haseke Kentinin Gvayran Semtinin g\u00fcneydo\u011fusunda mezarl\u0131k \u00e7evresindeki bina bloklar\u0131n\u0131 I\u015e\u0130D ter\u00f6ristlerinden temizledi\u011fini ilan eder etmez Gvayran ahalisinden y\u00fczlerce vatanda\u015f evlerine d\u00f6nmeye ak\u0131n etti. Ahali kahraman ordu birliklerimizin ulusalc\u0131 destek g\u00fc\u00e7leriyle birlikte vatanda\u015flar\u0131n g\u00fcven i\u00e7inde evlerine d\u00f6n\u00fc\u015flerini sa\u011flamak amac\u0131yla duyarl\u0131l\u0131k ve \u00f6zveriyle kahramanca ter\u00f6ristlere kar\u015f\u0131 sava\u015ft\u0131klar\u0131n\u0131 belirtirken, Haseke ilinin her &hellip;<\/p>\n","protected":false},"author":1,"featured_media":41249,"comment_status":"closed","ping_status":"closed","sticky":false,"template":"","format":"standard","meta":{"footnotes":""},"categories":[479,478],"tags":[],"class_list":["post-41248","post","type-post","status-publish","format-standard","has-post-thumbnail","","category-haberler-yerel","category-yerel"],"_links":{"self":[{"href":"https:\/\/archive.sana.sy\/tr\/index.php?rest_route=\/wp\/v2\/posts\/41248","targetHints":{"allow":["GET"]}}],"collection":[{"href":"https:\/\/archive.sana.sy\/tr\/index.php?rest_route=\/wp\/v2\/posts"}],"about":[{"href":"https:\/\/archive.sana.sy\/tr\/index.php?rest_route=\/wp\/v2\/types\/post"}],"author":[{"embeddable":true,"href":"https:\/\/archive.sana.sy\/tr\/index.php?rest_route=\/wp\/v2\/users\/1"}],"replies":[{"embeddable":true,"href":"https:\/\/archive.sana.sy\/tr\/index.php?rest_route=%2Fwp%2Fv2%2Fcomments&post=41248"}],"version-history":[{"count":0,"href":"https:\/\/archive.sana.sy\/tr\/index.php?rest_route=\/wp\/v2\/posts\/41248\/revisions"}],"wp:featuredmedia":[{"embeddable":true,"href":"https:\/\/archive.sana.sy\/tr\/index.php?rest_route=\/wp\/v2\/media\/41249"}],"wp:attachment":[{"href":"https:\/\/archive.sana.sy\/tr\/index.php?rest_route=%2Fwp%2Fv2%2Fmedia&parent=41248"}],"wp:term":[{"taxonomy":"category","embeddable":true,"href":"https:\/\/archive.sana.sy\/tr\/index.php?rest_route=%2Fwp%2Fv2%2Fcategories&post=41248"},{"taxonomy":"post_tag","embeddable":true,"href":"https:\/\/archive.sana.sy\/tr\/index.php?rest_route=%2Fwp%2Fv2%2Ftags&post=41248"}],"curies":[{"name":"wp","href":"https:\/\/api.w.org\/{rel}","templated":true}]}}