{"id":4129,"date":"2014-06-28T16:30:11","date_gmt":"2014-06-28T13:30:11","guid":{"rendered":"http:\/\/www.sana.sy\/tr\/?p=4129"},"modified":"2014-06-29T12:46:57","modified_gmt":"2014-06-29T09:46:57","slug":"kacirilanlarin-ailelerine-donmeleri-uzlasmanin-temel-ilkesidir","status":"publish","type":"post","link":"https:\/\/archive.sana.sy\/tr\/?p=4129","title":{"rendered":"Vaer Semtine \u0130nsani Yard\u0131mlar Ge\u00e7iriliyor"},"content":{"rendered":"<p>HOMS \u2013 Homs Kentinin Vaer Semtinde silahl\u0131 ter\u00f6r gruplar\u0131n\u0131n ablukas\u0131 alt\u0131nda tutup normal ya\u015famlar\u0131n\u0131 s\u00fcrd\u00fcrmekten menetti\u011fi sivillere insani yard\u0131mlar\u0131 ge\u00e7irme \u00e7al\u0131\u015fmalar\u0131 bug\u00fcn yeniden ba\u015flat\u0131ld\u0131.<\/p>\n<p>\u0130nsani yard\u0131mlar\u0131n semte ge\u00e7irilmesi \u00e7al\u0131\u015fmalar\u0131na kat\u0131lan Homs Valisi Telal el Berazi bas\u0131na yapt\u0131\u011f\u0131 a\u00e7\u0131klamada; Vaer Semtinin \u2018olumlu bir s\u00fckunete tan\u0131k oldu\u011funu belirterek, bu s\u00fckunetin g\u00fcvenlik ve istikrar\u0131n sa\u011flanmas\u0131yla birlikte temel yard\u0131mlar\u0131n semt ahalisine ula\u015fmas\u0131n\u0131 kolayla\u015ft\u0131raca\u011f\u0131n\u0131 s\u00f6yledi.<\/p>\n<p><a href=\"http:\/\/www.sana.sy\/tr\/wp-content\/uploads\/2014\/06\/Homs-2.jpg\"><img loading=\"lazy\" decoding=\"async\" class=\"alignright wp-image-4153 size-full\" src=\"http:\/\/www.sana.sy\/tr\/wp-content\/uploads\/2014\/06\/Homs-2.jpg\" alt=\"Homs 2\" width=\"400\" height=\"269\" srcset=\"https:\/\/archive.sana.sy\/tr\/wp-content\/uploads\/2014\/06\/Homs-2.jpg 400w, https:\/\/archive.sana.sy\/tr\/wp-content\/uploads\/2014\/06\/Homs-2-150x100.jpg 150w, https:\/\/archive.sana.sy\/tr\/wp-content\/uploads\/2014\/06\/Homs-2-300x201.jpg 300w\" sizes=\"auto, (max-width: 400px) 100vw, 400px\" \/><\/a>Vali Berazi; Vaer Semtinin ya\u015fad\u0131\u011f\u0131 olumlu ortam\u0131n daimi bir s\u00fckunete yol a\u00e7acak \u00f6nemli ad\u0131mlar\u0131n ba\u015far\u0131s\u0131na katk\u0131 sa\u011flayaca\u011f\u0131n\u0131 ifade etti.<\/p>\n<p>Ya\u015fananlar\u0131n Cumhurba\u015fkan\u0131 Be\u015f\u015far el Esad\u2019\u0131n direktifleri ve y\u00f6nlendirmeleri \u00e7er\u00e7evesinde oldu\u011funa i\u015faret eden Berazi, temel amac\u0131n yurt genelinde ho\u015fg\u00f6r\u00fc ve sevgiye dayal\u0131 ulusal uzla\u015fman\u0131n sa\u011flanmas\u0131 ve g\u00fcvenlik istikrar\u0131n yay\u0131lmas\u0131 oldu\u011funu belirtti.<\/p>\n<p>Vali Berazi ka\u00e7\u0131r\u0131lan vatanda\u015flar\u0131n ailelerine d\u00f6nmelerinin herhangi bir ulusal uzla\u015fman\u0131n temel ilkesi oldu\u011funa dikkat \u00e7ekerken, sevgi ve uzla\u015fmayla Suriyelilerin kendilerini ve vatanlar\u0131n\u0131 hedef alan ter\u00f6re kar\u015f\u0131 zafer sa\u011flayacaklar\u0131na vurgu yapt\u0131.<\/p>\n","protected":false},"excerpt":{"rendered":"<p>HOMS \u2013 Homs Kentinin Vaer Semtinde silahl\u0131 ter\u00f6r gruplar\u0131n\u0131n ablukas\u0131 alt\u0131nda tutup normal ya\u015famlar\u0131n\u0131 s\u00fcrd\u00fcrmekten menetti\u011fi sivillere insani yard\u0131mlar\u0131 ge\u00e7irme \u00e7al\u0131\u015fmalar\u0131 bug\u00fcn yeniden ba\u015flat\u0131ld\u0131. \u0130nsani yard\u0131mlar\u0131n semte ge\u00e7irilmesi \u00e7al\u0131\u015fmalar\u0131na kat\u0131lan Homs Valisi Telal el Berazi bas\u0131na yapt\u0131\u011f\u0131 a\u00e7\u0131klamada; Vaer Semtinin \u2018olumlu bir s\u00fckunete tan\u0131k oldu\u011funu belirterek, bu s\u00fckunetin g\u00fcvenlik ve istikrar\u0131n sa\u011flanmas\u0131yla birlikte temel yard\u0131mlar\u0131n &hellip;<\/p>\n","protected":false},"author":1,"featured_media":4152,"comment_status":"closed","ping_status":"closed","sticky":false,"template":"","format":"standard","meta":{"footnotes":""},"categories":[575,447],"tags":[895,900],"class_list":["post-4129","post","type-post","status-publish","format-standard","has-post-thumbnail","","category-olaylar-ve-gercekler","category-politika","tag-kacirilanlarin-ailelerine-donmeleri-uzlasmanin-temel-ilkesidir","tag-vaer-semtine-insani-yardimlar-geciriliyor"],"_links":{"self":[{"href":"https:\/\/archive.sana.sy\/tr\/index.php?rest_route=\/wp\/v2\/posts\/4129","targetHints":{"allow":["GET"]}}],"collection":[{"href":"https:\/\/archive.sana.sy\/tr\/index.php?rest_route=\/wp\/v2\/posts"}],"about":[{"href":"https:\/\/archive.sana.sy\/tr\/index.php?rest_route=\/wp\/v2\/types\/post"}],"author":[{"embeddable":true,"href":"https:\/\/archive.sana.sy\/tr\/index.php?rest_route=\/wp\/v2\/users\/1"}],"replies":[{"embeddable":true,"href":"https:\/\/archive.sana.sy\/tr\/index.php?rest_route=%2Fwp%2Fv2%2Fcomments&post=4129"}],"version-history":[{"count":0,"href":"https:\/\/archive.sana.sy\/tr\/index.php?rest_route=\/wp\/v2\/posts\/4129\/revisions"}],"wp:featuredmedia":[{"embeddable":true,"href":"https:\/\/archive.sana.sy\/tr\/index.php?rest_route=\/wp\/v2\/media\/4152"}],"wp:attachment":[{"href":"https:\/\/archive.sana.sy\/tr\/index.php?rest_route=%2Fwp%2Fv2%2Fmedia&parent=4129"}],"wp:term":[{"taxonomy":"category","embeddable":true,"href":"https:\/\/archive.sana.sy\/tr\/index.php?rest_route=%2Fwp%2Fv2%2Fcategories&post=4129"},{"taxonomy":"post_tag","embeddable":true,"href":"https:\/\/archive.sana.sy\/tr\/index.php?rest_route=%2Fwp%2Fv2%2Ftags&post=4129"}],"curies":[{"name":"wp","href":"https:\/\/api.w.org\/{rel}","templated":true}]}}