{"id":41295,"date":"2015-07-24T13:05:16","date_gmt":"2015-07-24T10:05:16","guid":{"rendered":"http:\/\/sana.sy\/tr\/?p=41295"},"modified":"2015-07-24T13:31:42","modified_gmt":"2015-07-24T10:31:42","slug":"zoubi-suriye-kendini-savunma-mucadelesi-degil-terore-karsi-buyuk-bir-savas-vermektedir","status":"publish","type":"post","link":"https:\/\/archive.sana.sy\/tr\/?p=41295","title":{"rendered":"Zoubi: Suriye Kendini Savunma M\u00fccadelesi De\u011fil Ter\u00f6re Kar\u015f\u0131 B\u00fcy\u00fck Bir Sava\u015f Vermektedir"},"content":{"rendered":"<p>\u015eAM \u2013 Enformasyon Bakan\u0131 Omran el Zoubi d\u00fcn Enformasyon Bakanl\u0131\u011f\u0131 binas\u0131nda \u0130ran K\u00fclt\u00fcr ve \u0130slami \u0130r\u015fat Bakan\u0131 Ali Cenneti ile bir araya gelerek iki \u00fclke aras\u0131nda enformasyon ili\u015fkilerini geli\u015ftirme y\u00f6ntemlerini inceledi.<\/p>\n<p>Suriye ve \u0130ran medya ara\u00e7lar\u0131 aras\u0131nda enformasyon i\u015fbirli\u011fi ve ortakl\u0131\u011f\u0131n\u0131 geli\u015ftirmenin ter\u00f6rle m\u00fccadele alan\u0131ndaki \u00f6nemine i\u015faret eden Zoubi, iki taraf\u0131n kat\u0131l\u0131m\u0131yla \u00f6n\u00fcm\u00fczdeki s\u00fcre\u00e7te bas\u0131n \u00e7al\u0131\u015fmalar\u0131n\u0131 geli\u015ftirecek kanun ve mekanizmalar belirlemekle g\u00f6revli bir \u00e7al\u0131\u015fma grubu olu\u015fturulmas\u0131 \u00e7a\u011fr\u0131s\u0131nda bulundu.<\/p>\n<p><a href=\"http:\/\/sana.sy\/tr\/wp-content\/uploads\/2015\/07\/zoubi-1.jpg\" rel=\"attachment wp-att-41300\"><img loading=\"lazy\" decoding=\"async\" class=\"alignright wp-image-41300 size-medium\" src=\"http:\/\/sana.sy\/tr\/wp-content\/uploads\/2015\/07\/zoubi-1-300x160.jpg\" alt=\"zoubi 1\" width=\"300\" height=\"160\" srcset=\"https:\/\/archive.sana.sy\/tr\/wp-content\/uploads\/2015\/07\/zoubi-1-300x160.jpg 300w, https:\/\/archive.sana.sy\/tr\/wp-content\/uploads\/2015\/07\/zoubi-1-150x80.jpg 150w, https:\/\/archive.sana.sy\/tr\/wp-content\/uploads\/2015\/07\/zoubi-1.jpg 620w\" sizes=\"auto, (max-width: 300px) 100vw, 300px\" \/><\/a>\u0130ran\u2019\u0131n 5+1 Grubu ile N\u00fckleer Anla\u015fmas\u0131 imzalamas\u0131n\u0131 b\u00fcy\u00fck bir ba\u015far\u0131 olarak nitelendiren Zoubi, bu ba\u015far\u0131n\u0131n \u0130ran\u2019\u0131n N\u00fckeer Enerjiyi bar\u0131\u015f\u00e7\u0131l ama\u00e7larla kullanma hakk\u0131n\u0131 savunma g\u00fcc\u00fcn\u00fc ortaya koydu\u011funu ve N\u00fckleer Enerjinin bar\u0131\u015f\u00e7\u0131l ama\u00e7larla da olsa ba\u015fka \u00fclkeler taraf\u0131ndan kullan\u0131lmas\u0131n\u0131 istemeyen Bat\u0131 ve ABD i\u00e7in hezimet te\u015fkil etti\u011fini belirtti.<\/p>\n<p>Suriye&#8217;nin kendini savunma m\u00fccadelesi de\u011fil ter\u00f6re kar\u015f\u0131 b\u00fcy\u00fck bir sava\u015f vermekte oldu\u011funu ifade eden Zoubi, bir\u00e7ok alanda alt yap\u0131y\u0131 tahrip eden, katliamlar yapan ve bir\u00e7ok vatanda\u015f\u0131 ka\u00e7\u0131rarak rehin tutan silahl\u0131 ter\u00f6r gruplar\u0131n\u0131n, gerici b\u00f6lge devletleri taraf\u0131ndan desteklenen tekfirci ve y\u0131k\u0131mc\u0131 bir projeden ibaret olduklar\u0131n\u0131 belirtti.<\/p>\n<p>\u00d6te yandan \u0130ran \u0130slam Cumhuriyetinin kuruldu\u011fu g\u00fcnden bu yana ba\u015fta Suriye olmak \u00fczere direni\u015f merkezinde bulunan b\u00fct\u00fcn devletlere tam destek sunma stratejisini benimsedi\u011fini ifade eden Cenneti, N\u00fckleer Anla\u015fmas\u0131n\u0131n imzalanm\u0131\u015f olmas\u0131n\u0131n bu stratejiden vazge\u00e7ilece\u011fi anlam\u0131na gelmedi\u011finin alt\u0131n\u0131 \u00e7izdi.<\/p>\n<p>\u0130ran\u2019\u0131n Suriye&#8217;de ya\u015fanan krizle ilgili hi\u00e7bir zaman askeri \u00e7\u00f6z\u00fcm ihtimaline yer vermedi\u011fini ve her zaman \u00e7\u00f6z\u00fcm\u00fcn siyasi olmas\u0131 gere\u011fini yineledi\u011fini dile getiren Cenneti; \u00f6zelde Suriye&#8217;de ya\u015fananlara kar\u015f\u0131 genelde de ter\u00f6re kar\u015f\u0131 uluslararas\u0131 ve b\u00f6lgesel ittifaklar olu\u015fturulmas\u0131 \u00e7a\u011fr\u0131s\u0131nda bulundu.<\/p>\n<p>F.B. &#8211; R.H.<\/p>\n","protected":false},"excerpt":{"rendered":"<p>\u015eAM \u2013 Enformasyon Bakan\u0131 Omran el Zoubi d\u00fcn Enformasyon Bakanl\u0131\u011f\u0131 binas\u0131nda \u0130ran K\u00fclt\u00fcr ve \u0130slami \u0130r\u015fat Bakan\u0131 Ali Cenneti ile bir araya gelerek iki \u00fclke aras\u0131nda enformasyon ili\u015fkilerini geli\u015ftirme y\u00f6ntemlerini inceledi. Suriye ve \u0130ran medya ara\u00e7lar\u0131 aras\u0131nda enformasyon i\u015fbirli\u011fi ve ortakl\u0131\u011f\u0131n\u0131 geli\u015ftirmenin ter\u00f6rle m\u00fccadele alan\u0131ndaki \u00f6nemine i\u015faret eden Zoubi, iki taraf\u0131n kat\u0131l\u0131m\u0131yla \u00f6n\u00fcm\u00fczdeki s\u00fcre\u00e7te bas\u0131n &hellip;<\/p>\n","protected":false},"author":1,"featured_media":41299,"comment_status":"closed","ping_status":"closed","sticky":false,"template":"","format":"standard","meta":{"footnotes":""},"categories":[479,478],"tags":[],"class_list":["post-41295","post","type-post","status-publish","format-standard","has-post-thumbnail","","category-haberler-yerel","category-yerel"],"_links":{"self":[{"href":"https:\/\/archive.sana.sy\/tr\/index.php?rest_route=\/wp\/v2\/posts\/41295","targetHints":{"allow":["GET"]}}],"collection":[{"href":"https:\/\/archive.sana.sy\/tr\/index.php?rest_route=\/wp\/v2\/posts"}],"about":[{"href":"https:\/\/archive.sana.sy\/tr\/index.php?rest_route=\/wp\/v2\/types\/post"}],"author":[{"embeddable":true,"href":"https:\/\/archive.sana.sy\/tr\/index.php?rest_route=\/wp\/v2\/users\/1"}],"replies":[{"embeddable":true,"href":"https:\/\/archive.sana.sy\/tr\/index.php?rest_route=%2Fwp%2Fv2%2Fcomments&post=41295"}],"version-history":[{"count":0,"href":"https:\/\/archive.sana.sy\/tr\/index.php?rest_route=\/wp\/v2\/posts\/41295\/revisions"}],"wp:featuredmedia":[{"embeddable":true,"href":"https:\/\/archive.sana.sy\/tr\/index.php?rest_route=\/wp\/v2\/media\/41299"}],"wp:attachment":[{"href":"https:\/\/archive.sana.sy\/tr\/index.php?rest_route=%2Fwp%2Fv2%2Fmedia&parent=41295"}],"wp:term":[{"taxonomy":"category","embeddable":true,"href":"https:\/\/archive.sana.sy\/tr\/index.php?rest_route=%2Fwp%2Fv2%2Fcategories&post=41295"},{"taxonomy":"post_tag","embeddable":true,"href":"https:\/\/archive.sana.sy\/tr\/index.php?rest_route=%2Fwp%2Fv2%2Ftags&post=41295"}],"curies":[{"name":"wp","href":"https:\/\/api.w.org\/{rel}","templated":true}]}}