{"id":41308,"date":"2015-07-24T15:35:19","date_gmt":"2015-07-24T12:35:19","guid":{"rendered":"http:\/\/www.sana.sy\/tr\/?p=41308"},"modified":"2015-07-24T15:35:19","modified_gmt":"2015-07-24T12:35:19","slug":"kiliseler-teroru-destekleyen-hukumetlere-baski-yapmalidir","status":"publish","type":"post","link":"https:\/\/archive.sana.sy\/tr\/?p=41308","title":{"rendered":"Kiliseler Ter\u00f6r\u00fc Destekleyen H\u00fck\u00fcmetlere Bask\u0131 Yapmal\u0131d\u0131r"},"content":{"rendered":"<p>KUD\u00dcS \u2013 Sebastia Rum Ortodokslar Ba\u015fpiskoposu Patrik Ataullah Hanna Fislitin halk\u0131n\u0131n hakl\u0131 davalar\u0131n\u0131 bir kez daha vurgularken M\u00fcsl\u00fcman ve H\u0131ristiyanlar\u0131yla Filistinlilerin maruz kald\u0131klar\u0131 zulme dikkat \u00e7ekti.<\/p>\n<p>\u0130svi\u00e7reli bir heyeti kabul\u00fcnde Hanna Ortado\u011fu&#8217;da bar\u0131\u015f ve g\u00fcvenli\u011fin sa\u011flanmas\u0131 i\u00e7in Filistin davas\u0131n\u0131n adil ve bir \u015fekilde \u00e7\u00f6z\u00fclmesinin gere\u011fini ifade etti.<\/p>\n<p>Arap ve \u0130slam \u00dclkerlerinde ya\u015fanan y\u0131k\u0131m ve \u00f6l\u00fcmlerden duydu\u011fu derin ac\u0131y\u0131 ifade eden Ba\u015fpiskopos Hanna; tekfirci ter\u00f6ristlerin sadece insanl\u0131\u011f\u0131 katletmekle yetinmediklerini, medeniyet ve k\u00fclt\u00fcr\u00fc de yok etmeye \u00e7al\u0131\u015ft\u0131klar\u0131n\u0131 ifade etti.<\/p>\n<p>Ba\u015fpiskopos Hanna d\u00fcnyadaki kimi kiliselerden h\u00fck\u00fcmetlerine ter\u00f6re desteklerini kesme bask\u0131lar\u0131nda bulunma talebinde bulundu. Bat\u0131l\u0131 kimi devletlerin yan\u0131 s\u0131ra bir k\u0131s\u0131m b\u00f6lge devletlerinin Ortado\u011fu&#8217;da \u00f6l\u00fcm ve y\u0131k\u0131m estiren ter\u00f6ristlere direk yada dolayl\u0131 desteklerde bulunduklar\u0131na vurgu yapan Hanna; kiliselerin bu desteklerini kesmeleri i\u00e7in h\u00fck\u00fcmetlere bask\u0131 uygulamalar\u0131 gerekti\u011fini ifade etti.<\/p>\n<p>A.A.<\/p>\n","protected":false},"excerpt":{"rendered":"<p>KUD\u00dcS \u2013 Sebastia Rum Ortodokslar Ba\u015fpiskoposu Patrik Ataullah Hanna Fislitin halk\u0131n\u0131n hakl\u0131 davalar\u0131n\u0131 bir kez daha vurgularken M\u00fcsl\u00fcman ve H\u0131ristiyanlar\u0131yla Filistinlilerin maruz kald\u0131klar\u0131 zulme dikkat \u00e7ekti. \u0130svi\u00e7reli bir heyeti kabul\u00fcnde Hanna Ortado\u011fu&#8217;da bar\u0131\u015f ve g\u00fcvenli\u011fin sa\u011flanmas\u0131 i\u00e7in Filistin davas\u0131n\u0131n adil ve bir \u015fekilde \u00e7\u00f6z\u00fclmesinin gere\u011fini ifade etti. Arap ve \u0130slam \u00dclkerlerinde ya\u015fanan y\u0131k\u0131m ve \u00f6l\u00fcmlerden &hellip;<\/p>\n","protected":false},"author":1,"featured_media":41309,"comment_status":"closed","ping_status":"closed","sticky":false,"template":"","format":"standard","meta":{"footnotes":""},"categories":[458,459,447],"tags":[15965],"class_list":["post-41308","post","type-post","status-publish","format-standard","has-post-thumbnail","","category-dunya1","category-haberler-arap-uluslararasi-politika","category-politika","tag-kiliseler-teroru-destekleyen-hukumetlere-baski-yapmalidir"],"_links":{"self":[{"href":"https:\/\/archive.sana.sy\/tr\/index.php?rest_route=\/wp\/v2\/posts\/41308","targetHints":{"allow":["GET"]}}],"collection":[{"href":"https:\/\/archive.sana.sy\/tr\/index.php?rest_route=\/wp\/v2\/posts"}],"about":[{"href":"https:\/\/archive.sana.sy\/tr\/index.php?rest_route=\/wp\/v2\/types\/post"}],"author":[{"embeddable":true,"href":"https:\/\/archive.sana.sy\/tr\/index.php?rest_route=\/wp\/v2\/users\/1"}],"replies":[{"embeddable":true,"href":"https:\/\/archive.sana.sy\/tr\/index.php?rest_route=%2Fwp%2Fv2%2Fcomments&post=41308"}],"version-history":[{"count":0,"href":"https:\/\/archive.sana.sy\/tr\/index.php?rest_route=\/wp\/v2\/posts\/41308\/revisions"}],"wp:featuredmedia":[{"embeddable":true,"href":"https:\/\/archive.sana.sy\/tr\/index.php?rest_route=\/wp\/v2\/media\/41309"}],"wp:attachment":[{"href":"https:\/\/archive.sana.sy\/tr\/index.php?rest_route=%2Fwp%2Fv2%2Fmedia&parent=41308"}],"wp:term":[{"taxonomy":"category","embeddable":true,"href":"https:\/\/archive.sana.sy\/tr\/index.php?rest_route=%2Fwp%2Fv2%2Fcategories&post=41308"},{"taxonomy":"post_tag","embeddable":true,"href":"https:\/\/archive.sana.sy\/tr\/index.php?rest_route=%2Fwp%2Fv2%2Ftags&post=41308"}],"curies":[{"name":"wp","href":"https:\/\/api.w.org\/{rel}","templated":true}]}}