{"id":41311,"date":"2015-07-24T15:37:25","date_gmt":"2015-07-24T12:37:25","guid":{"rendered":"http:\/\/www.sana.sy\/tr\/?p=41311"},"modified":"2015-07-24T15:39:22","modified_gmt":"2015-07-24T12:39:22","slug":"askeri-kaynak-ordu-birliklerimizin-idlib-iline-tabi-cisressupur-kirsalinin-sahn-koyunde-erdogan-ceteleri-fetih-ordusuna-tabi-bir-teror-grubunun-tamamini-arac-ve-silahlariyla-etkisiz","status":"publish","type":"post","link":"https:\/\/archive.sana.sy\/tr\/?p=41311","title":{"rendered":"Askeri kaynak ordu birliklerimizin \u0130dlib iline tabi Cisre\u015f\u015fupur k\u0131rsal\u0131n\u0131n Sahn K\u00f6y\u00fcnde Erdo\u011fan \u00e7eteleri \u2018Fetih Ordusu\u2019na tabi bir ter\u00f6r grubunun tamam\u0131n\u0131 ara\u00e7 ve silahlar\u0131yla etkisiz olarak ele ge\u00e7irdiklerini belirtt"},"content":{"rendered":"<p>Askeri kaynak ordu birliklerimizin \u0130dlib iline tabi Cisre\u015f\u015fupur k\u0131rsal\u0131n\u0131n Sahn K\u00f6y\u00fcnde Erdo\u011fan \u00e7eteleri \u2018Fetih Ordusu\u2019na tabi bir ter\u00f6r grubunun tamam\u0131n\u0131 ara\u00e7 ve silahlar\u0131yla etkisiz olarak ele ge\u00e7irdiklerini belirtt<\/p>\n","protected":false},"excerpt":{"rendered":"<p>Askeri kaynak ordu birliklerimizin \u0130dlib iline tabi Cisre\u015f\u015fupur k\u0131rsal\u0131n\u0131n Sahn K\u00f6y\u00fcnde Erdo\u011fan \u00e7eteleri \u2018Fetih Ordusu\u2019na tabi bir ter\u00f6r grubunun tamam\u0131n\u0131 ara\u00e7 ve silahlar\u0131yla etkisiz olarak ele ge\u00e7irdiklerini belirtt<\/p>\n","protected":false},"author":1,"featured_media":0,"comment_status":"closed","ping_status":"closed","sticky":false,"template":"","format":"standard","meta":{"footnotes":""},"categories":[1],"tags":[],"class_list":["post-41311","post","type-post","status-publish","format-standard","","category-news-not-sorted"],"_links":{"self":[{"href":"https:\/\/archive.sana.sy\/tr\/index.php?rest_route=\/wp\/v2\/posts\/41311","targetHints":{"allow":["GET"]}}],"collection":[{"href":"https:\/\/archive.sana.sy\/tr\/index.php?rest_route=\/wp\/v2\/posts"}],"about":[{"href":"https:\/\/archive.sana.sy\/tr\/index.php?rest_route=\/wp\/v2\/types\/post"}],"author":[{"embeddable":true,"href":"https:\/\/archive.sana.sy\/tr\/index.php?rest_route=\/wp\/v2\/users\/1"}],"replies":[{"embeddable":true,"href":"https:\/\/archive.sana.sy\/tr\/index.php?rest_route=%2Fwp%2Fv2%2Fcomments&post=41311"}],"version-history":[{"count":0,"href":"https:\/\/archive.sana.sy\/tr\/index.php?rest_route=\/wp\/v2\/posts\/41311\/revisions"}],"wp:attachment":[{"href":"https:\/\/archive.sana.sy\/tr\/index.php?rest_route=%2Fwp%2Fv2%2Fmedia&parent=41311"}],"wp:term":[{"taxonomy":"category","embeddable":true,"href":"https:\/\/archive.sana.sy\/tr\/index.php?rest_route=%2Fwp%2Fv2%2Fcategories&post=41311"},{"taxonomy":"post_tag","embeddable":true,"href":"https:\/\/archive.sana.sy\/tr\/index.php?rest_route=%2Fwp%2Fv2%2Ftags&post=41311"}],"curies":[{"name":"wp","href":"https:\/\/api.w.org\/{rel}","templated":true}]}}