{"id":41316,"date":"2015-07-24T15:51:51","date_gmt":"2015-07-24T12:51:51","guid":{"rendered":"http:\/\/www.sana.sy\/tr\/?p=41316"},"modified":"2015-07-24T15:51:51","modified_gmt":"2015-07-24T12:51:51","slug":"dis-destekli-teroristler-yine-sivil-yerlesim-alanlarina-saldirdi","status":"publish","type":"post","link":"https:\/\/archive.sana.sy\/tr\/?p=41316","title":{"rendered":"D\u0131\u015f Destekli Ter\u00f6ristler Yine Sivil Yerle\u015fim Alanlar\u0131na Sald\u0131rd\u0131"},"content":{"rendered":"<p>DERA \u2013 Suriye&#8217;nin g\u00fcneyi Dera\u2019da \u0130srail ve \u00dcrd\u00fcn\u2019\u00fcn \u2018Suriyeli muhalifler\u2019 ad\u0131 alt\u0131nda destekledikleri ter\u00f6r \u00e7eteleri bug\u00fcn yine sivil yerle\u015fim alanlar\u0131n\u0131 geli\u015fig\u00fczel roket sald\u0131r\u0131larla hedef ald\u0131.<\/p>\n<p>SANA muhabiri tekfirci \u00e7etelerin bug\u00fcn Dera Kentinin sivil yerle\u015fim alanlar\u0131ndan Sebil, Ka\u015fif ve \u015eimal el Hat semtlerini geli\u015fi g\u00fczel olarak k\u00f6r roket ve f\u00fcze sald\u0131r\u0131larla hedef almalar\u0131 sonucunda 1 vatanda\u015f\u0131n \u015fehit d\u00fc\u015ft\u00fc\u011f\u00fcn\u00fc, 4 vatanda\u015f\u0131n da yaraland\u0131\u011f\u0131n\u0131 belirtti.<\/p>\n<p>Dera Devlet hastanesi M\u00fcd\u00fcr\u00fc Abd\u00fclved\u00fcd el Humsi hastaneye kald\u0131r\u0131lan yaral\u0131lara gerekli t\u0131bbi m\u00fcdahalenin yap\u0131ld\u0131\u011f\u0131n\u0131 ifade etti.<\/p>\n<p>A.A.<\/p>\n","protected":false},"excerpt":{"rendered":"<p>DERA \u2013 Suriye&#8217;nin g\u00fcneyi Dera\u2019da \u0130srail ve \u00dcrd\u00fcn\u2019\u00fcn \u2018Suriyeli muhalifler\u2019 ad\u0131 alt\u0131nda destekledikleri ter\u00f6r \u00e7eteleri bug\u00fcn yine sivil yerle\u015fim alanlar\u0131n\u0131 geli\u015fig\u00fczel roket sald\u0131r\u0131larla hedef ald\u0131. SANA muhabiri tekfirci \u00e7etelerin bug\u00fcn Dera Kentinin sivil yerle\u015fim alanlar\u0131ndan Sebil, Ka\u015fif ve \u015eimal el Hat semtlerini geli\u015fi g\u00fczel olarak k\u00f6r roket ve f\u00fcze sald\u0131r\u0131larla hedef almalar\u0131 sonucunda 1 vatanda\u015f\u0131n &hellip;<\/p>\n","protected":false},"author":1,"featured_media":41318,"comment_status":"closed","ping_status":"closed","sticky":false,"template":"","format":"standard","meta":{"footnotes":""},"categories":[479,575,478],"tags":[15966],"class_list":["post-41316","post","type-post","status-publish","format-standard","has-post-thumbnail","","category-haberler-yerel","category-olaylar-ve-gercekler","category-yerel","tag-dis-destekli-teroristler-yine-sivil-yerlesim-alanlarina-saldirdi"],"_links":{"self":[{"href":"https:\/\/archive.sana.sy\/tr\/index.php?rest_route=\/wp\/v2\/posts\/41316","targetHints":{"allow":["GET"]}}],"collection":[{"href":"https:\/\/archive.sana.sy\/tr\/index.php?rest_route=\/wp\/v2\/posts"}],"about":[{"href":"https:\/\/archive.sana.sy\/tr\/index.php?rest_route=\/wp\/v2\/types\/post"}],"author":[{"embeddable":true,"href":"https:\/\/archive.sana.sy\/tr\/index.php?rest_route=\/wp\/v2\/users\/1"}],"replies":[{"embeddable":true,"href":"https:\/\/archive.sana.sy\/tr\/index.php?rest_route=%2Fwp%2Fv2%2Fcomments&post=41316"}],"version-history":[{"count":0,"href":"https:\/\/archive.sana.sy\/tr\/index.php?rest_route=\/wp\/v2\/posts\/41316\/revisions"}],"wp:featuredmedia":[{"embeddable":true,"href":"https:\/\/archive.sana.sy\/tr\/index.php?rest_route=\/wp\/v2\/media\/41318"}],"wp:attachment":[{"href":"https:\/\/archive.sana.sy\/tr\/index.php?rest_route=%2Fwp%2Fv2%2Fmedia&parent=41316"}],"wp:term":[{"taxonomy":"category","embeddable":true,"href":"https:\/\/archive.sana.sy\/tr\/index.php?rest_route=%2Fwp%2Fv2%2Fcategories&post=41316"},{"taxonomy":"post_tag","embeddable":true,"href":"https:\/\/archive.sana.sy\/tr\/index.php?rest_route=%2Fwp%2Fv2%2Ftags&post=41316"}],"curies":[{"name":"wp","href":"https:\/\/api.w.org\/{rel}","templated":true}]}}