{"id":41317,"date":"2015-07-24T15:59:54","date_gmt":"2015-07-24T12:59:54","guid":{"rendered":"http:\/\/www.sana.sy\/tr\/?p=41317"},"modified":"2015-07-24T15:59:54","modified_gmt":"2015-07-24T12:59:54","slug":"bir-kismi-terorist-suphesiyle-23-suriyeliyi-tutukladi","status":"publish","type":"post","link":"https:\/\/archive.sana.sy\/tr\/?p=41317","title":{"rendered":"Bir K\u0131sm\u0131 Ter\u00f6rist \u015e\u00fcphesiyle 23 Suriyeliyi Tutuklad\u0131"},"content":{"rendered":"<p>BEYRUT \u2013 L\u00fcbnan ordusunda y\u00f6nlendirme m\u00fcd\u00fcrl\u00fc\u011f\u00fc yay\u0131nlad\u0131\u011f\u0131 beyanda ordu birliklerinin L\u00fcbnan&#8217;\u0131n kuzeyi Trablus\u2019un muhtelif b\u00f6lgelerinde Suriyeli 23 ki\u015fiyi tutuklad\u0131\u011f\u0131n\u0131 belirtti.<\/p>\n<p>Beyanda tutuklanan Suriyelilerin bir k\u0131sm\u0131n\u0131n ter\u00f6r \u00f6rg\u00fctlere tabi olma \u015f\u00fcphesiyle tutukland\u0131klar\u0131n\u0131, geriye kalanlar\u0131n ise gayr\u0131 me\u015fru yollarla L\u00fcbnan&#8217;a girdikleri ifade edildi.<\/p>\n<p>A.A.<\/p>\n","protected":false},"excerpt":{"rendered":"<p>BEYRUT \u2013 L\u00fcbnan ordusunda y\u00f6nlendirme m\u00fcd\u00fcrl\u00fc\u011f\u00fc yay\u0131nlad\u0131\u011f\u0131 beyanda ordu birliklerinin L\u00fcbnan&#8217;\u0131n kuzeyi Trablus\u2019un muhtelif b\u00f6lgelerinde Suriyeli 23 ki\u015fiyi tutuklad\u0131\u011f\u0131n\u0131 belirtti. Beyanda tutuklanan Suriyelilerin bir k\u0131sm\u0131n\u0131n ter\u00f6r \u00f6rg\u00fctlere tabi olma \u015f\u00fcphesiyle tutukland\u0131klar\u0131n\u0131, geriye kalanlar\u0131n ise gayr\u0131 me\u015fru yollarla L\u00fcbnan&#8217;a girdikleri ifade edildi. A.A.<\/p>\n","protected":false},"author":1,"featured_media":41321,"comment_status":"closed","ping_status":"closed","sticky":false,"template":"","format":"standard","meta":{"footnotes":""},"categories":[458,459,447],"tags":[15967],"class_list":["post-41317","post","type-post","status-publish","format-standard","has-post-thumbnail","","category-dunya1","category-haberler-arap-uluslararasi-politika","category-politika","tag-bir-kismi-terorist-suphesiyle-23-suriyeliyi-tutukladi"],"_links":{"self":[{"href":"https:\/\/archive.sana.sy\/tr\/index.php?rest_route=\/wp\/v2\/posts\/41317","targetHints":{"allow":["GET"]}}],"collection":[{"href":"https:\/\/archive.sana.sy\/tr\/index.php?rest_route=\/wp\/v2\/posts"}],"about":[{"href":"https:\/\/archive.sana.sy\/tr\/index.php?rest_route=\/wp\/v2\/types\/post"}],"author":[{"embeddable":true,"href":"https:\/\/archive.sana.sy\/tr\/index.php?rest_route=\/wp\/v2\/users\/1"}],"replies":[{"embeddable":true,"href":"https:\/\/archive.sana.sy\/tr\/index.php?rest_route=%2Fwp%2Fv2%2Fcomments&post=41317"}],"version-history":[{"count":0,"href":"https:\/\/archive.sana.sy\/tr\/index.php?rest_route=\/wp\/v2\/posts\/41317\/revisions"}],"wp:featuredmedia":[{"embeddable":true,"href":"https:\/\/archive.sana.sy\/tr\/index.php?rest_route=\/wp\/v2\/media\/41321"}],"wp:attachment":[{"href":"https:\/\/archive.sana.sy\/tr\/index.php?rest_route=%2Fwp%2Fv2%2Fmedia&parent=41317"}],"wp:term":[{"taxonomy":"category","embeddable":true,"href":"https:\/\/archive.sana.sy\/tr\/index.php?rest_route=%2Fwp%2Fv2%2Fcategories&post=41317"},{"taxonomy":"post_tag","embeddable":true,"href":"https:\/\/archive.sana.sy\/tr\/index.php?rest_route=%2Fwp%2Fv2%2Ftags&post=41317"}],"curies":[{"name":"wp","href":"https:\/\/api.w.org\/{rel}","templated":true}]}}