{"id":4132,"date":"2014-06-28T14:58:14","date_gmt":"2014-06-28T11:58:14","guid":{"rendered":"http:\/\/www.sana.sy\/tr\/?p=4132"},"modified":"2014-06-28T14:58:14","modified_gmt":"2014-06-28T11:58:14","slug":"libya-silahli-gruplarin-kontrolundedir","status":"publish","type":"post","link":"https:\/\/archive.sana.sy\/tr\/?p=4132","title":{"rendered":"Libya Silahl\u0131 Gruplar\u0131n Kontrol\u00fcndedir"},"content":{"rendered":"<p>TRABLUS \u2013 Libya&#8217;n\u0131n Birle\u015fmi\u015f Milletlerdeki Daimi Temsilcisi \u0130brahim el Dabba\u015fi; Libya&#8217;n\u0131n silahl\u0131 gruplar\u0131n kontrol\u00fcnde ve hakimiyetinde oldu\u011funu belirtti.<\/p>\n<p>Libya el M\u00fcstakbel Gazetesinin aktard\u0131\u011f\u0131 bas\u0131n a\u00e7\u0131klamalar\u0131nda Dabba\u015fi; yeni te\u015fkil edilen parlamentonun, devlet ve h\u00fck\u00fcmetin finanse etti\u011fi silahl\u0131 gruplardan uzak olarak kendini koruma g\u00fcc\u00fcnde olmas\u0131 temennisinde bulundu.<\/p>\n<p>Dabba\u015fi ge\u00e7en \u00c7ar\u015famba g\u00fcn\u00fc evinde d\u00fczenlenen suikastla \u00f6ld\u00fcr\u00fclen eski Libya ge\u00e7ici konseyi \u00fcyesi siyasi aktivist Avukat Selva Bukiayk\u0131s\u2019\u0131n \u00f6ld\u00fcr\u00fclmeden birka\u00e7 dakika \u00f6nce evi \u00f6n\u00fcndeki silahl\u0131 ki\u015filerin fotolar\u0131n\u0131 \u00e7ekip internet \u00fczerinde yay\u0131nlad\u0131\u011f\u0131n\u0131 ortaya \u00e7\u0131kard\u0131.<\/p>\n","protected":false},"excerpt":{"rendered":"<p>TRABLUS \u2013 Libya&#8217;n\u0131n Birle\u015fmi\u015f Milletlerdeki Daimi Temsilcisi \u0130brahim el Dabba\u015fi; Libya&#8217;n\u0131n silahl\u0131 gruplar\u0131n kontrol\u00fcnde ve hakimiyetinde oldu\u011funu belirtti. Libya el M\u00fcstakbel Gazetesinin aktard\u0131\u011f\u0131 bas\u0131n a\u00e7\u0131klamalar\u0131nda Dabba\u015fi; yeni te\u015fkil edilen parlamentonun, devlet ve h\u00fck\u00fcmetin finanse etti\u011fi silahl\u0131 gruplardan uzak olarak kendini koruma g\u00fcc\u00fcnde olmas\u0131 temennisinde bulundu. Dabba\u015fi ge\u00e7en \u00c7ar\u015famba g\u00fcn\u00fc evinde d\u00fczenlenen suikastla \u00f6ld\u00fcr\u00fclen eski Libya &hellip;<\/p>\n","protected":false},"author":1,"featured_media":4133,"comment_status":"closed","ping_status":"closed","sticky":false,"template":"","format":"standard","meta":{"footnotes":""},"categories":[458,459,447],"tags":[896],"class_list":["post-4132","post","type-post","status-publish","format-standard","has-post-thumbnail","","category-dunya1","category-haberler-arap-uluslararasi-politika","category-politika","tag-libya-silahli-gruplarin-kontrolundedir"],"_links":{"self":[{"href":"https:\/\/archive.sana.sy\/tr\/index.php?rest_route=\/wp\/v2\/posts\/4132","targetHints":{"allow":["GET"]}}],"collection":[{"href":"https:\/\/archive.sana.sy\/tr\/index.php?rest_route=\/wp\/v2\/posts"}],"about":[{"href":"https:\/\/archive.sana.sy\/tr\/index.php?rest_route=\/wp\/v2\/types\/post"}],"author":[{"embeddable":true,"href":"https:\/\/archive.sana.sy\/tr\/index.php?rest_route=\/wp\/v2\/users\/1"}],"replies":[{"embeddable":true,"href":"https:\/\/archive.sana.sy\/tr\/index.php?rest_route=%2Fwp%2Fv2%2Fcomments&post=4132"}],"version-history":[{"count":0,"href":"https:\/\/archive.sana.sy\/tr\/index.php?rest_route=\/wp\/v2\/posts\/4132\/revisions"}],"wp:featuredmedia":[{"embeddable":true,"href":"https:\/\/archive.sana.sy\/tr\/index.php?rest_route=\/wp\/v2\/media\/4133"}],"wp:attachment":[{"href":"https:\/\/archive.sana.sy\/tr\/index.php?rest_route=%2Fwp%2Fv2%2Fmedia&parent=4132"}],"wp:term":[{"taxonomy":"category","embeddable":true,"href":"https:\/\/archive.sana.sy\/tr\/index.php?rest_route=%2Fwp%2Fv2%2Fcategories&post=4132"},{"taxonomy":"post_tag","embeddable":true,"href":"https:\/\/archive.sana.sy\/tr\/index.php?rest_route=%2Fwp%2Fv2%2Ftags&post=4132"}],"curies":[{"name":"wp","href":"https:\/\/api.w.org\/{rel}","templated":true}]}}