{"id":41323,"date":"2015-07-24T17:02:58","date_gmt":"2015-07-24T14:02:58","guid":{"rendered":"http:\/\/www.sana.sy\/tr\/?p=41323"},"modified":"2015-07-24T17:02:58","modified_gmt":"2015-07-24T14:02:58","slug":"enformasyon-bakani-zoubi-ve-turizm-bakani-yazici-ozellikle-dini-turizm-olmak-uzere-iki-ulke-arasinda-turizm-iliskilerini-gelistirme-amacli-gorusmeler-basladi","status":"publish","type":"post","link":"https:\/\/archive.sana.sy\/tr\/?p=41323","title":{"rendered":"Enformasyon Bakan\u0131 Zoubi ve Turizm Bakan\u0131 Yaz\u0131c\u0131 \u00f6zellikle dini turizm olmak \u00fczere iki \u00fclke aras\u0131nda turizm ili\u015fkilerini geli\u015ftirme ama\u00e7l\u0131 g\u00f6r\u00fc\u015fmeler ba\u015flad\u0131"},"content":{"rendered":"<p>Enformasyon Bakan\u0131 Zoubi ve Turizm Bakan\u0131 Yaz\u0131c\u0131 \u00f6zellikle dini turizm olmak \u00fczere iki \u00fclke aras\u0131nda turizm ili\u015fkilerini geli\u015ftirme ama\u00e7l\u0131 g\u00f6r\u00fc\u015fmeler ba\u015flad\u0131<\/p>\n","protected":false},"excerpt":{"rendered":"<p>Enformasyon Bakan\u0131 Zoubi ve Turizm Bakan\u0131 Yaz\u0131c\u0131 \u00f6zellikle dini turizm olmak \u00fczere iki \u00fclke aras\u0131nda turizm ili\u015fkilerini geli\u015ftirme ama\u00e7l\u0131 g\u00f6r\u00fc\u015fmeler ba\u015flad\u0131<\/p>\n","protected":false},"author":1,"featured_media":0,"comment_status":"closed","ping_status":"closed","sticky":false,"template":"","format":"standard","meta":{"footnotes":""},"categories":[1],"tags":[],"class_list":["post-41323","post","type-post","status-publish","format-standard","","category-news-not-sorted"],"_links":{"self":[{"href":"https:\/\/archive.sana.sy\/tr\/index.php?rest_route=\/wp\/v2\/posts\/41323","targetHints":{"allow":["GET"]}}],"collection":[{"href":"https:\/\/archive.sana.sy\/tr\/index.php?rest_route=\/wp\/v2\/posts"}],"about":[{"href":"https:\/\/archive.sana.sy\/tr\/index.php?rest_route=\/wp\/v2\/types\/post"}],"author":[{"embeddable":true,"href":"https:\/\/archive.sana.sy\/tr\/index.php?rest_route=\/wp\/v2\/users\/1"}],"replies":[{"embeddable":true,"href":"https:\/\/archive.sana.sy\/tr\/index.php?rest_route=%2Fwp%2Fv2%2Fcomments&post=41323"}],"version-history":[{"count":0,"href":"https:\/\/archive.sana.sy\/tr\/index.php?rest_route=\/wp\/v2\/posts\/41323\/revisions"}],"wp:attachment":[{"href":"https:\/\/archive.sana.sy\/tr\/index.php?rest_route=%2Fwp%2Fv2%2Fmedia&parent=41323"}],"wp:term":[{"taxonomy":"category","embeddable":true,"href":"https:\/\/archive.sana.sy\/tr\/index.php?rest_route=%2Fwp%2Fv2%2Fcategories&post=41323"},{"taxonomy":"post_tag","embeddable":true,"href":"https:\/\/archive.sana.sy\/tr\/index.php?rest_route=%2Fwp%2Fv2%2Ftags&post=41323"}],"curies":[{"name":"wp","href":"https:\/\/api.w.org\/{rel}","templated":true}]}}