{"id":4135,"date":"2014-06-28T23:00:01","date_gmt":"2014-06-28T20:00:01","guid":{"rendered":"http:\/\/www.sana.sy\/tr\/?p=4135"},"modified":"2014-06-29T14:03:02","modified_gmt":"2014-06-29T11:03:02","slug":"teror-gruplari-kumelenme-yerleri-ve-araclariyla-imha-ediliyorlar","status":"publish","type":"post","link":"https:\/\/archive.sana.sy\/tr\/?p=4135","title":{"rendered":"Ter\u00f6r Gruplar\u0131 K\u00fcmelenme Yerleri ve Ara\u00e7lar\u0131yla \u0130mha Ediliyorlar"},"content":{"rendered":"<p><span style=\"color: #800000\">\u0130LLER \u2013<\/span> Vatan ve vatanda\u015flar\u0131 koruma sorumluluklar\u0131nda d\u00fcnyaya \u00f6rnek te\u015fkil eden ordu birliklerimizi yurdun muhtelif b\u00f6lgelerinde tekfirci ve hain ter\u00f6r gruplar\u0131n\u0131 k\u00fcmelenme yerleri ve ara\u00e7lar\u0131yla etkisiz hale getirmeye devam ediyorlar.<\/p>\n<p><span style=\"color: #0000ff\">\u015eam K\u0131rsal\u0131nda S\u0131zma Giri\u015fimleri \u00c7\u00f6kertildi<\/span><\/p>\n<p>Vatan koruyucular\u0131m\u0131z \u015eam k\u0131rsal\u0131n\u0131n g\u00fcneybat\u0131s\u0131na d\u00fc\u015fen han el \u015eiyh B\u00f6lgesinden g\u00fcvenli b\u00f6lge olan Dahrat Artuz B\u00f6lgesine s\u0131zma giri\u015fimlerini \u00e7\u00f6kertti.<\/p>\n<p>Meydana gelen \u00e7at\u0131\u015fmalarda sald\u0131rgan ter\u00f6ristler b\u00fcy\u00fck kay\u0131plara u\u011frat\u0131ld\u0131.<\/p>\n<p><span style=\"color: #0000ff\">Halep K\u0131rsal\u0131nda Operasyonlar Ba\u015far\u0131yla Devam Ediyor<\/span><\/p>\n<p>Ordu birliklerimiz Halep ve k\u0131rsal\u0131n\u0131n Beni Zeyd, Haydariye, eski Halep, Uveyca, Mansura, Hanano, Meskene, Susin Tepesi, Anedan, Sbayhiye, Kefar Dail, Kefar Kar, Kefar Ha\u015fir, Smeyriye, Babiyd ve Sanayi b\u00f6lgelerinde ter\u00f6ristlerin toplanma yerleri ve cephaneliklerini nitelikli operasyonlarla hedef ald\u0131.<\/p>\n<p>Askeri kaynak operasyonlarda aralar\u0131nda yabanc\u0131lar\u0131n bulundu\u011fu y\u00fcksek say\u0131da ter\u00f6ristin bir\u00e7ok ara\u00e7lar\u0131 ve b\u00fcy\u00fck miktarda cephanelikleriyle birlikte etkisiz hale getirildiklerini aktard\u0131.<\/p>\n<p><span style=\"color: #0000ff\">\u0130dlib K\u0131rsal\u0131nda Yabanc\u0131 Ter\u00f6ristler \u00d6ld\u00fcr\u00fcld\u00fc<\/span><\/p>\n<p>Ordu birliklerimiz \u0130dlib k\u0131rsal\u0131n\u0131n Cebel el Zaviye B\u00f6lgesinin \u015enan K\u00f6y\u00fcnde ter\u00f6r \u00e7etelerinin k\u00fcmelenme yerlerini hedef al\u0131rken; aralar\u0131nda yabanc\u0131lar\u0131n bulundu\u011fu \u00e7ok say\u0131da ter\u00f6risti \u00f6l\u00fc yaral\u0131 d\u00fc\u015f\u00fcrd\u00fc.<\/p>\n<p>Operasyonda ayr\u0131ca b\u00fcy\u00fck miktarda silah ve m\u00fchimmat dolu bir cephaneliklerinin yan\u0131 s\u0131ra a\u011f\u0131r makineli silahlarla donat\u0131lm\u0131\u015f bir\u00e7ok ara\u00e7lar\u0131 da imha edildi.<\/p>\n<p>Ordu birliklerimiz ayn\u0131 zamanda \u0130dlib k\u0131rsal\u0131n\u0131n Nahliye, Bedriye, Cdar Bekfalun ve Cebel el Arbain civar\u0131nda yine y\u00fcksek say\u0131da ter\u00f6risti \u00f6l\u00fc yaral\u0131 d\u00fc\u015f\u00fcrd\u00fc.<\/p>\n<p>\u0130dlib k\u0131rsal\u0131n\u0131n Benni\u015f Beldesi yak\u0131nlar\u0131nda ter\u00f6ristlerin bir karargah\u0131n\u0131 i\u00e7indeki cephane ve ter\u00f6ristlerle birlikte tamamen imha eden ordu birliklerimiz a\u011f\u0131r makineli silahla donat\u0131lm\u0131\u015f bir arac\u0131 da ta\u015f\u0131d\u0131\u011f\u0131 ter\u00f6ristlerle birlikte imha etti.<\/p>\n<p><span style=\"color: #0000ff\">Kunaytra K\u0131sal\u0131nda Bir\u00e7ok Ara\u00e7lar\u0131 \u0130mha Edildi<\/span><\/p>\n<p>Askeri kaynak ordu birliklerimizin Kunaytra k\u0131rsal\u0131n\u0131n Ayn el Tiyna, Aliye, el Mahs Tepesi, el Cabiye Tepesi, K\u00fc\u00e7\u00fck Davaya ve Hucca b\u00f6lgelerinde bir\u00e7ok arac\u0131 ta\u015f\u0131d\u0131\u011f\u0131 ter\u00f6ristler ve m\u00fchimmatla birlikte imha ettiklerini s\u00f6yledi\u0638<\/p>\n<p><span style=\"color: #0000ff\">Homs K\u0131rsal\u0131nda Yuvalar\u0131 \u0130mha Ediliyor<\/span><\/p>\n<p>Vatan koruyucular\u0131m\u0131z Homs iline tabi Ksayr k\u0131rsal\u0131n\u0131n Sensiha ve Horata b\u00f6lgelerine ilaveten Um el \u015ear\u015fuh civar\u0131 ve T\u0131yba b\u00f6lgelerinde ter\u00f6ristlerin yuvalanma yerlerini hedef ald\u0131.<\/p>\n<p>Askeri kaynak operasyonlarda onlarca ter\u00f6ristin su\u00e7 edatlar\u0131yla birlikte etkisiz hale getirildiklerini belirtti.<\/p>\n<p><span style=\"color: #0000ff\">Dera K\u0131rsal\u0131nda Karargahlar\u0131 \u0130mha Edildi<\/span><\/p>\n<p>Ordu birliklerimiz Dera k\u0131rsal\u0131n\u0131n Enhil Kasabas\u0131n\u0131n g\u00fcneydo\u011fu mahallesinde az\u0131l\u0131 ter\u00f6r eleba\u015flar\u0131n\u0131n bulundu\u011fu bir karargah\u0131 muhtevalar\u0131yla imha ederek i\u00e7indeki t\u00fcm ter\u00f6ristleri etkisiz hale getirdi.<\/p>\n<p>Do\u011fu Kerk \u2013 Mseyfra karayolu \u00fczerinde ter\u00f6rist ta\u015f\u0131yan iki arac\u0131 tamamen imha eden ordu birliklerimiz, yine Dera k\u0131rsal\u0131n\u0131n Cleyn ve Dera Beled b\u00f6lgelerinin bir\u00e7ok yerinde \u00e7ok say\u0131da ter\u00f6risti su\u00e7 edatlar\u0131yla birlikte etkisiz hale getirdi.<\/p>\n<p>Ordu birliklerimiz Dera k\u0131rsal\u0131n\u0131n do\u011fusuna d\u00fc\u015fen ve Dera Beled b\u00f6lgelerinde de ara\u00e7lar\u0131nda bir\u00e7ok yabanc\u0131n\u0131n bulundu\u011fu \u00e7ok say\u0131da ter\u00f6risti \u00f6l\u00fc yaral\u0131 d\u00fc\u015f\u00fcrd\u00fc.<\/p>\n<p>Etman B\u00f6lgesinin yan\u0131 s\u0131ra Yaduda \u2013 Dera karayolu \u00fczerinde askeri noktalara sald\u0131r\u0131 giri\u015fiminde bulunan iki ter\u00f6r grubuyla s\u0131cak temasa giren ordu birliklerimiz iki yerde de sald\u0131rganlar\u0131 say\u0131 ve te\u00e7hizatlar\u0131yla a\u011f\u0131r kay\u0131plara u\u011fratt\u0131.<\/p>\n<p><span style=\"color: #0000ff\">Haseke K\u0131rsal\u0131nda A\u011f\u0131r Kay\u0131plara U\u011frat\u0131ld\u0131lar<\/span><\/p>\n<p>Askeri bir kaynak ordu birliklerimizin Haseke k\u0131rsal\u0131n\u0131n g\u00fcneyinde Sabah el Hayr ve Abyad b\u00f6lgelerinde tekfirci ve hain ter\u00f6r \u00e7etelerini hedef ald\u0131\u011f\u0131n\u0131 belirtti.<\/p>\n<p>Kaynak operasyonlarda ter\u00f6r \u00e7etelerinin say\u0131 ve te\u00e7hizatlar\u0131yla b\u00fcy\u00fck kay\u0131plar verdiklerini aktard\u0131.<\/p>\n","protected":false},"excerpt":{"rendered":"<p>\u0130LLER \u2013 Vatan ve vatanda\u015flar\u0131 koruma sorumluluklar\u0131nda d\u00fcnyaya \u00f6rnek te\u015fkil eden ordu birliklerimizi yurdun muhtelif b\u00f6lgelerinde tekfirci ve hain ter\u00f6r gruplar\u0131n\u0131 k\u00fcmelenme yerleri ve ara\u00e7lar\u0131yla etkisiz hale getirmeye devam ediyorlar. \u015eam K\u0131rsal\u0131nda S\u0131zma Giri\u015fimleri \u00c7\u00f6kertildi Vatan koruyucular\u0131m\u0131z \u015eam k\u0131rsal\u0131n\u0131n g\u00fcneybat\u0131s\u0131na d\u00fc\u015fen han el \u015eiyh B\u00f6lgesinden g\u00fcvenli b\u00f6lge olan Dahrat Artuz B\u00f6lgesine s\u0131zma giri\u015fimlerini \u00e7\u00f6kertti. Meydana &hellip;<\/p>\n","protected":false},"author":1,"featured_media":4136,"comment_status":"closed","ping_status":"closed","sticky":false,"template":"","format":"standard","meta":{"footnotes":""},"categories":[575],"tags":[897],"class_list":["post-4135","post","type-post","status-publish","format-standard","has-post-thumbnail","","category-olaylar-ve-gercekler","tag-teror-gruplari-kumelenme-yerleri-ve-araclariyla-imha-ediliyorlar"],"_links":{"self":[{"href":"https:\/\/archive.sana.sy\/tr\/index.php?rest_route=\/wp\/v2\/posts\/4135","targetHints":{"allow":["GET"]}}],"collection":[{"href":"https:\/\/archive.sana.sy\/tr\/index.php?rest_route=\/wp\/v2\/posts"}],"about":[{"href":"https:\/\/archive.sana.sy\/tr\/index.php?rest_route=\/wp\/v2\/types\/post"}],"author":[{"embeddable":true,"href":"https:\/\/archive.sana.sy\/tr\/index.php?rest_route=\/wp\/v2\/users\/1"}],"replies":[{"embeddable":true,"href":"https:\/\/archive.sana.sy\/tr\/index.php?rest_route=%2Fwp%2Fv2%2Fcomments&post=4135"}],"version-history":[{"count":0,"href":"https:\/\/archive.sana.sy\/tr\/index.php?rest_route=\/wp\/v2\/posts\/4135\/revisions"}],"wp:featuredmedia":[{"embeddable":true,"href":"https:\/\/archive.sana.sy\/tr\/index.php?rest_route=\/wp\/v2\/media\/4136"}],"wp:attachment":[{"href":"https:\/\/archive.sana.sy\/tr\/index.php?rest_route=%2Fwp%2Fv2%2Fmedia&parent=4135"}],"wp:term":[{"taxonomy":"category","embeddable":true,"href":"https:\/\/archive.sana.sy\/tr\/index.php?rest_route=%2Fwp%2Fv2%2Fcategories&post=4135"},{"taxonomy":"post_tag","embeddable":true,"href":"https:\/\/archive.sana.sy\/tr\/index.php?rest_route=%2Fwp%2Fv2%2Ftags&post=4135"}],"curies":[{"name":"wp","href":"https:\/\/api.w.org\/{rel}","templated":true}]}}