{"id":41363,"date":"2015-07-24T16:00:46","date_gmt":"2015-07-24T13:00:46","guid":{"rendered":"http:\/\/www.sana.sy\/tr\/?p=41363"},"modified":"2015-07-24T17:42:01","modified_gmt":"2015-07-24T14:42:01","slug":"idlib-kirsalinin-kensafra-tuum-tel-zerdene-temania-telas-bennis-ebu-el-zuhur-telselmo-um-creyn-ve-ariha-bolgelerinde-teroristlerin-mevki-ve-hareketlerini-hedef-alan-hava-guclerimiz-aralarinda","status":"publish","type":"post","link":"https:\/\/archive.sana.sy\/tr\/?p=41363","title":{"rendered":"\u0130dlib k\u0131rsal\u0131n\u0131n Kensafra, Tuum, Tel Zerdene, Temania, Telas, Benni\u015f, Ebu el Zuhur, Telselmo, Um Creyn ve Ariha b\u00f6lgelerinde ter\u00f6ristlerin mevki ve hareketlerini hedef alan hava g\u00fc\u00e7lerimiz; aralar\u0131nda yabanc\u0131 ve saha komutanlar\u0131n\u0131n bulundu\u011fu \u00e7ok say\u0131da ter\u00f6risti \u00f6l\u00fc yaral\u0131 d\u00fc\u015f\u00fcrd\u00fc"},"content":{"rendered":"<p>\u0130dlib k\u0131rsal\u0131n\u0131n Kensafra, Tuum, Tel Zerdene, Temania, Telas, Benni\u015f, Ebu el Zuhur, Telselmo, Um Creyn ve Ariha b\u00f6lgelerinde ter\u00f6ristlerin mevki ve hareketlerini hedef alan hava g\u00fc\u00e7lerimiz; aralar\u0131nda yabanc\u0131 ve saha komutanlar\u0131n\u0131n bulundu\u011fu \u00e7ok say\u0131da ter\u00f6risti \u00f6l\u00fc yaral\u0131 d\u00fc\u015f\u00fcrd\u00fc<\/p>\n","protected":false},"excerpt":{"rendered":"<p>\u0130dlib k\u0131rsal\u0131n\u0131n Kensafra, Tuum, Tel Zerdene, Temania, Telas, Benni\u015f, Ebu el Zuhur, Telselmo, Um Creyn ve Ariha b\u00f6lgelerinde ter\u00f6ristlerin mevki ve hareketlerini hedef alan hava g\u00fc\u00e7lerimiz; aralar\u0131nda yabanc\u0131 ve saha komutanlar\u0131n\u0131n bulundu\u011fu \u00e7ok say\u0131da ter\u00f6risti \u00f6l\u00fc yaral\u0131 d\u00fc\u015f\u00fcrd\u00fc<\/p>\n","protected":false},"author":1,"featured_media":0,"comment_status":"closed","ping_status":"closed","sticky":false,"template":"","format":"standard","meta":{"footnotes":""},"categories":[1],"tags":[],"class_list":["post-41363","post","type-post","status-publish","format-standard","","category-news-not-sorted"],"_links":{"self":[{"href":"https:\/\/archive.sana.sy\/tr\/index.php?rest_route=\/wp\/v2\/posts\/41363","targetHints":{"allow":["GET"]}}],"collection":[{"href":"https:\/\/archive.sana.sy\/tr\/index.php?rest_route=\/wp\/v2\/posts"}],"about":[{"href":"https:\/\/archive.sana.sy\/tr\/index.php?rest_route=\/wp\/v2\/types\/post"}],"author":[{"embeddable":true,"href":"https:\/\/archive.sana.sy\/tr\/index.php?rest_route=\/wp\/v2\/users\/1"}],"replies":[{"embeddable":true,"href":"https:\/\/archive.sana.sy\/tr\/index.php?rest_route=%2Fwp%2Fv2%2Fcomments&post=41363"}],"version-history":[{"count":0,"href":"https:\/\/archive.sana.sy\/tr\/index.php?rest_route=\/wp\/v2\/posts\/41363\/revisions"}],"wp:attachment":[{"href":"https:\/\/archive.sana.sy\/tr\/index.php?rest_route=%2Fwp%2Fv2%2Fmedia&parent=41363"}],"wp:term":[{"taxonomy":"category","embeddable":true,"href":"https:\/\/archive.sana.sy\/tr\/index.php?rest_route=%2Fwp%2Fv2%2Fcategories&post=41363"},{"taxonomy":"post_tag","embeddable":true,"href":"https:\/\/archive.sana.sy\/tr\/index.php?rest_route=%2Fwp%2Fv2%2Ftags&post=41363"}],"curies":[{"name":"wp","href":"https:\/\/api.w.org\/{rel}","templated":true}]}}