{"id":41402,"date":"2015-07-25T11:51:37","date_gmt":"2015-07-25T08:51:37","guid":{"rendered":"http:\/\/www.sana.sy\/tr\/?p=41402"},"modified":"2015-07-25T11:51:37","modified_gmt":"2015-07-25T08:51:37","slug":"kerry-lavrov-ile-dohada-suriyedeki-son-durumlari-gorusecegiz","status":"publish","type":"post","link":"https:\/\/archive.sana.sy\/tr\/?p=41402","title":{"rendered":"Kerry: Lavrov \u0130le Doha\u2019da Suriye\u2019deki Son Durumlar\u0131 G\u00f6r\u00fc\u015fece\u011fiz"},"content":{"rendered":"<p>NEW YORK \u2013 ABD D\u0131\u015fi\u015fleri Bakan\u0131 John Kerry, yak\u0131n bir zamanda Rusyal\u0131 Mevkida\u015f\u0131SergeyLavrov ile Suriye\u2019de ya\u015fanan son geli\u015fmeleri de\u011ferlendirmek \u00fczere Doha\u2019da bir araya gelece\u011fini ifade etti.<\/p>\n<p>Bilinece\u011fi \u00fczere Lavrov 18 Temmuz tarihinde ABD\u2019li mevkida\u015f\u0131 ile yapt\u0131\u011f\u0131 telefon g\u00f6r\u00fc\u015fmesinde uluslararas\u0131 bir dizi konuyla ilgili fikir al\u0131\u015fveri\u015finde bulunmu\u015ftu.<\/p>\n<p>Ayr\u0131ca Temmuz ay\u0131n\u0131n ba\u015flar\u0131nda da \u0130ran\u2019\u0131n 5+1 Grubu ile g\u00f6r\u00fc\u015fmeleri \u00e7er\u00e7evesinde iki d\u0131\u015fi\u015fleri bakan\u0131 bir araya gelmi\u015f aralar\u0131nda Suriye\u2019deki durumlar\u0131n normalle\u015ftirilmesi y\u00f6ntemleri konusu da bulunan bir dizi konuyu incelemi\u015flerdi.<\/p>\n<p>F.B.<\/p>\n","protected":false},"excerpt":{"rendered":"<p>NEW YORK \u2013 ABD D\u0131\u015fi\u015fleri Bakan\u0131 John Kerry, yak\u0131n bir zamanda Rusyal\u0131 Mevkida\u015f\u0131SergeyLavrov ile Suriye\u2019de ya\u015fanan son geli\u015fmeleri de\u011ferlendirmek \u00fczere Doha\u2019da bir araya gelece\u011fini ifade etti. Bilinece\u011fi \u00fczere Lavrov 18 Temmuz tarihinde ABD\u2019li mevkida\u015f\u0131 ile yapt\u0131\u011f\u0131 telefon g\u00f6r\u00fc\u015fmesinde uluslararas\u0131 bir dizi konuyla ilgili fikir al\u0131\u015fveri\u015finde bulunmu\u015ftu. Ayr\u0131ca Temmuz ay\u0131n\u0131n ba\u015flar\u0131nda da \u0130ran\u2019\u0131n 5+1 Grubu ile &hellip;<\/p>\n","protected":false},"author":1,"featured_media":41404,"comment_status":"closed","ping_status":"closed","sticky":false,"template":"","format":"standard","meta":{"footnotes":""},"categories":[458,459,447],"tags":[],"class_list":["post-41402","post","type-post","status-publish","format-standard","has-post-thumbnail","","category-dunya1","category-haberler-arap-uluslararasi-politika","category-politika"],"_links":{"self":[{"href":"https:\/\/archive.sana.sy\/tr\/index.php?rest_route=\/wp\/v2\/posts\/41402","targetHints":{"allow":["GET"]}}],"collection":[{"href":"https:\/\/archive.sana.sy\/tr\/index.php?rest_route=\/wp\/v2\/posts"}],"about":[{"href":"https:\/\/archive.sana.sy\/tr\/index.php?rest_route=\/wp\/v2\/types\/post"}],"author":[{"embeddable":true,"href":"https:\/\/archive.sana.sy\/tr\/index.php?rest_route=\/wp\/v2\/users\/1"}],"replies":[{"embeddable":true,"href":"https:\/\/archive.sana.sy\/tr\/index.php?rest_route=%2Fwp%2Fv2%2Fcomments&post=41402"}],"version-history":[{"count":0,"href":"https:\/\/archive.sana.sy\/tr\/index.php?rest_route=\/wp\/v2\/posts\/41402\/revisions"}],"wp:featuredmedia":[{"embeddable":true,"href":"https:\/\/archive.sana.sy\/tr\/index.php?rest_route=\/wp\/v2\/media\/41404"}],"wp:attachment":[{"href":"https:\/\/archive.sana.sy\/tr\/index.php?rest_route=%2Fwp%2Fv2%2Fmedia&parent=41402"}],"wp:term":[{"taxonomy":"category","embeddable":true,"href":"https:\/\/archive.sana.sy\/tr\/index.php?rest_route=%2Fwp%2Fv2%2Fcategories&post=41402"},{"taxonomy":"post_tag","embeddable":true,"href":"https:\/\/archive.sana.sy\/tr\/index.php?rest_route=%2Fwp%2Fv2%2Ftags&post=41402"}],"curies":[{"name":"wp","href":"https:\/\/api.w.org\/{rel}","templated":true}]}}