{"id":41403,"date":"2015-07-25T11:56:42","date_gmt":"2015-07-25T08:56:42","guid":{"rendered":"http:\/\/www.sana.sy\/tr\/?p=41403"},"modified":"2015-07-25T11:56:42","modified_gmt":"2015-07-25T08:56:42","slug":"tartus-2015-yaz-hos-geldin-festivali-basladi","status":"publish","type":"post","link":"https:\/\/archive.sana.sy\/tr\/?p=41403","title":{"rendered":"Tartus 2015 Yaz Ho\u015f Geldin Festivali Ba\u015flad\u0131"},"content":{"rendered":"<p>TARTUS \u2013 Tartus Ula\u015ft\u0131rma ve Turizm \u015eirketinin d\u00fczenledi\u011fi \u201cTartus 2015 Yaz Ho\u015f Geldin\u201d festivali faaliyetleri d\u00fcn ba\u015flad\u0131.<\/p>\n<p>Festival ACOTT\u0130 Kamu \u0130li\u015fkileri Kurumu, Spor Birli\u011fi Tartus \u015eubesi, Alt\u0131n Kumsal Kompleksi ve Arvad Yelken Kul\u00fcb\u00fc ile i\u015fbirli\u011fi i\u00e7erisinde d\u00fczenlenen \u201cG\u00fcne\u015fin Kap\u0131s\u0131 Spor Olimpiyatlar\u0131\u201d ile ba\u015flad\u0131.<\/p>\n<p>Arvan Yelken K\u00fcl\u00fcb\u00fc Kurucular\u0131ndan Mahir Yaz\u0131c\u0131 SANA muhabirine yapt\u0131\u011f\u0131 a\u00e7\u0131klamada festivalin birinci g\u00fcn\u00fc faaliyetlerinin 15 sporcu taraf\u0131ndan kullan\u0131lan 8 yelkenlinin kat\u0131laca\u011f\u0131 yar\u0131\u015f ile ba\u015flayaca\u011f\u0131na i\u015faret ederek meteorolojik nedenlere ba\u011fl\u0131 olarak kimi yar\u0131\u015flar\u0131n belirlenen tarihlerde d\u00fczenlenmeyerek daha sonraki bir tarihe ertelendi\u011fini belirtti.<\/p>\n<div id='gallery-1' class='gallery galleryid-41403 gallery-columns-2 gallery-size-medium'><figure class='gallery-item'>\n\t\t\t<div class='gallery-icon landscape'>\n\t\t\t\t<a href='https:\/\/archive.sana.sy\/tr\/wp-content\/uploads\/2015\/07\/239.jpg'><img loading=\"lazy\" decoding=\"async\" width=\"300\" height=\"224\" src=\"https:\/\/archive.sana.sy\/tr\/wp-content\/uploads\/2015\/07\/239-300x224.jpg\" class=\"attachment-medium size-medium\" alt=\"\" srcset=\"https:\/\/archive.sana.sy\/tr\/wp-content\/uploads\/2015\/07\/239-300x224.jpg 300w, https:\/\/archive.sana.sy\/tr\/wp-content\/uploads\/2015\/07\/239-150x112.jpg 150w, https:\/\/archive.sana.sy\/tr\/wp-content\/uploads\/2015\/07\/239-1024x765.jpg 1024w\" sizes=\"auto, (max-width: 300px) 100vw, 300px\" \/><\/a>\n\t\t\t<\/div><\/figure><figure class='gallery-item'>\n\t\t\t<div class='gallery-icon landscape'>\n\t\t\t\t<a href='https:\/\/archive.sana.sy\/tr\/wp-content\/uploads\/2015\/07\/330.jpg'><img loading=\"lazy\" decoding=\"async\" width=\"300\" height=\"224\" src=\"https:\/\/archive.sana.sy\/tr\/wp-content\/uploads\/2015\/07\/330-300x224.jpg\" class=\"attachment-medium size-medium\" alt=\"\" srcset=\"https:\/\/archive.sana.sy\/tr\/wp-content\/uploads\/2015\/07\/330-300x224.jpg 300w, https:\/\/archive.sana.sy\/tr\/wp-content\/uploads\/2015\/07\/330-150x112.jpg 150w, https:\/\/archive.sana.sy\/tr\/wp-content\/uploads\/2015\/07\/330-1024x765.jpg 1024w\" sizes=\"auto, (max-width: 300px) 100vw, 300px\" \/><\/a>\n\t\t\t<\/div><\/figure>\n\t\t<\/div>\n\n<p>F.B.<\/p>\n","protected":false},"excerpt":{"rendered":"<p>TARTUS \u2013 Tartus Ula\u015ft\u0131rma ve Turizm \u015eirketinin d\u00fczenledi\u011fi \u201cTartus 2015 Yaz Ho\u015f Geldin\u201d festivali faaliyetleri d\u00fcn ba\u015flad\u0131. Festival ACOTT\u0130 Kamu \u0130li\u015fkileri Kurumu, Spor Birli\u011fi Tartus \u015eubesi, Alt\u0131n Kumsal Kompleksi ve Arvad Yelken Kul\u00fcb\u00fc ile i\u015fbirli\u011fi i\u00e7erisinde d\u00fczenlenen \u201cG\u00fcne\u015fin Kap\u0131s\u0131 Spor Olimpiyatlar\u0131\u201d ile ba\u015flad\u0131. Arvan Yelken K\u00fcl\u00fcb\u00fc Kurucular\u0131ndan Mahir Yaz\u0131c\u0131 SANA muhabirine yapt\u0131\u011f\u0131 a\u00e7\u0131klamada festivalin birinci &hellip;<\/p>\n","protected":false},"author":1,"featured_media":41409,"comment_status":"closed","ping_status":"closed","sticky":false,"template":"","format":"standard","meta":{"footnotes":""},"categories":[511,2553],"tags":[15973],"class_list":["post-41403","post","type-post","status-publish","format-standard","has-post-thumbnail","","category-kultur-ve-sanat","category-turizm","tag-tartus-2015-yaz-hos-geldin-festivali-basladi"],"_links":{"self":[{"href":"https:\/\/archive.sana.sy\/tr\/index.php?rest_route=\/wp\/v2\/posts\/41403","targetHints":{"allow":["GET"]}}],"collection":[{"href":"https:\/\/archive.sana.sy\/tr\/index.php?rest_route=\/wp\/v2\/posts"}],"about":[{"href":"https:\/\/archive.sana.sy\/tr\/index.php?rest_route=\/wp\/v2\/types\/post"}],"author":[{"embeddable":true,"href":"https:\/\/archive.sana.sy\/tr\/index.php?rest_route=\/wp\/v2\/users\/1"}],"replies":[{"embeddable":true,"href":"https:\/\/archive.sana.sy\/tr\/index.php?rest_route=%2Fwp%2Fv2%2Fcomments&post=41403"}],"version-history":[{"count":0,"href":"https:\/\/archive.sana.sy\/tr\/index.php?rest_route=\/wp\/v2\/posts\/41403\/revisions"}],"wp:featuredmedia":[{"embeddable":true,"href":"https:\/\/archive.sana.sy\/tr\/index.php?rest_route=\/wp\/v2\/media\/41409"}],"wp:attachment":[{"href":"https:\/\/archive.sana.sy\/tr\/index.php?rest_route=%2Fwp%2Fv2%2Fmedia&parent=41403"}],"wp:term":[{"taxonomy":"category","embeddable":true,"href":"https:\/\/archive.sana.sy\/tr\/index.php?rest_route=%2Fwp%2Fv2%2Fcategories&post=41403"},{"taxonomy":"post_tag","embeddable":true,"href":"https:\/\/archive.sana.sy\/tr\/index.php?rest_route=%2Fwp%2Fv2%2Ftags&post=41403"}],"curies":[{"name":"wp","href":"https:\/\/api.w.org\/{rel}","templated":true}]}}