{"id":41413,"date":"2015-07-25T12:42:45","date_gmt":"2015-07-25T09:42:45","guid":{"rendered":"http:\/\/www.sana.sy\/tr\/?p=41413"},"modified":"2015-07-25T12:42:45","modified_gmt":"2015-07-25T09:42:45","slug":"isid-dogalgaz-istasyonuna-saldirdi","status":"publish","type":"post","link":"https:\/\/archive.sana.sy\/tr\/?p=41413","title":{"rendered":"I\u015e\u0130D Do\u011falgaz \u0130stasyonuna Sald\u0131rd\u0131"},"content":{"rendered":"<p>HOMS \u2013 I\u015e\u0130D ter\u00f6r \u00e7eteleri d\u00fcn gece yar\u0131s\u0131ndan sonra Homs k\u0131rsal\u0131n\u0131n do\u011fu k\u0131rsal\u0131 Furuklos B\u00f6lgesinde do\u011falgaz istasyonunu f\u00fczelerle hedef ald\u0131lar.<\/p>\n<p>Petrol Bakanl\u0131\u011f\u0131 resmi sayfas\u0131nda yay\u0131nlad\u0131\u011f\u0131 beyanda tekfircilerin hain sald\u0131r\u0131s\u0131 sonucunda \u00e7\u0131kan yang\u0131n nedeniyle ara\u00e7 ve ekipmanlarda b\u00fcy\u00fck hasarlar\u0131n meydana geldi\u011fini ve istasyonun hizmet d\u0131\u015f\u0131 kald\u0131\u011f\u0131n\u0131 belirtti.<\/p>\n<p>\u0130stasyon i\u015f\u00e7ilerinin yang\u0131n\u0131 kontrol alt\u0131na almay\u0131 ba\u015fard\u0131klar\u0131n\u0131n belirtildi\u011fi beyanda; gerekli icraatlar\u0131n al\u0131nmas\u0131 ve onar\u0131m\u0131n ba\u015flat\u0131lmas\u0131 i\u00e7in hasar tespiti \u00e7al\u0131\u015fmalar\u0131n\u0131n yap\u0131ld\u0131\u011f\u0131 ifade edildi.<\/p>\n<p>Beyanda do\u011falgaz g\u00f6nderiminin acil boru hatlar\u0131 \u00fczerinden bug\u00fcn sabah saatlerinde yeniden ba\u015flat\u0131ld\u0131\u011f\u0131 kaydedildi.<\/p>\n<p>Bu arada I\u015e\u0130D\u2019in sald\u0131rd\u0131\u011f\u0131 s\u00f6z konusu G\u00fcney Orta B\u00f6lge Do\u011falgaz \u0130stasyonu yurt genelinde elektrik istasyonlar\u0131n\u0131n %50\u2019sini beslemekle g\u00fcnl\u00fck ortalama olarak 5 milyon metrek\u00fcp temiz do\u011falgaz \u00fcretiyor.<\/p>\n<p>A.A.<\/p>\n","protected":false},"excerpt":{"rendered":"<p>HOMS \u2013 I\u015e\u0130D ter\u00f6r \u00e7eteleri d\u00fcn gece yar\u0131s\u0131ndan sonra Homs k\u0131rsal\u0131n\u0131n do\u011fu k\u0131rsal\u0131 Furuklos B\u00f6lgesinde do\u011falgaz istasyonunu f\u00fczelerle hedef ald\u0131lar. Petrol Bakanl\u0131\u011f\u0131 resmi sayfas\u0131nda yay\u0131nlad\u0131\u011f\u0131 beyanda tekfircilerin hain sald\u0131r\u0131s\u0131 sonucunda \u00e7\u0131kan yang\u0131n nedeniyle ara\u00e7 ve ekipmanlarda b\u00fcy\u00fck hasarlar\u0131n meydana geldi\u011fini ve istasyonun hizmet d\u0131\u015f\u0131 kald\u0131\u011f\u0131n\u0131 belirtti. \u0130stasyon i\u015f\u00e7ilerinin yang\u0131n\u0131 kontrol alt\u0131na almay\u0131 ba\u015fard\u0131klar\u0131n\u0131n belirtildi\u011fi beyanda; &hellip;<\/p>\n","protected":false},"author":1,"featured_media":41426,"comment_status":"closed","ping_status":"closed","sticky":false,"template":"","format":"standard","meta":{"footnotes":""},"categories":[479,575,478],"tags":[15975],"class_list":["post-41413","post","type-post","status-publish","format-standard","has-post-thumbnail","","category-haberler-yerel","category-olaylar-ve-gercekler","category-yerel","tag-isid-dogalgaz-istasyonuna-saldirdi"],"_links":{"self":[{"href":"https:\/\/archive.sana.sy\/tr\/index.php?rest_route=\/wp\/v2\/posts\/41413","targetHints":{"allow":["GET"]}}],"collection":[{"href":"https:\/\/archive.sana.sy\/tr\/index.php?rest_route=\/wp\/v2\/posts"}],"about":[{"href":"https:\/\/archive.sana.sy\/tr\/index.php?rest_route=\/wp\/v2\/types\/post"}],"author":[{"embeddable":true,"href":"https:\/\/archive.sana.sy\/tr\/index.php?rest_route=\/wp\/v2\/users\/1"}],"replies":[{"embeddable":true,"href":"https:\/\/archive.sana.sy\/tr\/index.php?rest_route=%2Fwp%2Fv2%2Fcomments&post=41413"}],"version-history":[{"count":0,"href":"https:\/\/archive.sana.sy\/tr\/index.php?rest_route=\/wp\/v2\/posts\/41413\/revisions"}],"wp:featuredmedia":[{"embeddable":true,"href":"https:\/\/archive.sana.sy\/tr\/index.php?rest_route=\/wp\/v2\/media\/41426"}],"wp:attachment":[{"href":"https:\/\/archive.sana.sy\/tr\/index.php?rest_route=%2Fwp%2Fv2%2Fmedia&parent=41413"}],"wp:term":[{"taxonomy":"category","embeddable":true,"href":"https:\/\/archive.sana.sy\/tr\/index.php?rest_route=%2Fwp%2Fv2%2Fcategories&post=41413"},{"taxonomy":"post_tag","embeddable":true,"href":"https:\/\/archive.sana.sy\/tr\/index.php?rest_route=%2Fwp%2Fv2%2Ftags&post=41413"}],"curies":[{"name":"wp","href":"https:\/\/api.w.org\/{rel}","templated":true}]}}