{"id":41416,"date":"2015-07-25T10:10:19","date_gmt":"2015-07-25T07:10:19","guid":{"rendered":"http:\/\/www.sana.sy\/tr\/?p=41416"},"modified":"2015-07-25T12:16:01","modified_gmt":"2015-07-25T09:16:01","slug":"idlib-kirsalinin-ebu-el-zuhur-talab-kensafra-yuum-temania-ve-bzeyt-bolgelerinde-erdogan-rejimine-tabi-teror-ceteleri-fetih-ordusunun-mevki-ve-araclarini-hedef-alan-hava-guclerimi","status":"publish","type":"post","link":"https:\/\/archive.sana.sy\/tr\/?p=41416","title":{"rendered":"\u0130dlib k\u0131rsal\u0131n\u0131n Ebu el Zuhur, Talab, Kensafra, Yuum, Temania ve Bzeyt b\u00f6lgelerinde Erdo\u011fan rejimine tabi ter\u00f6r \u00e7eteleri \u2018Fetih Ordusu\u2019nun mevki ve ara\u00e7lar\u0131n\u0131 hedef alan hava g\u00fc\u00e7lerimiz onlarca ter\u00f6risti ara\u00e7, cephane ve saha komutanlar\u0131yla imha etti"},"content":{"rendered":"<p>\u0130dlib k\u0131rsal\u0131n\u0131n Ebu el Zuhur, Talab, Kensafra, Yuum, Temania ve Bzeyt b\u00f6lgelerinde Erdo\u011fan rejimine tabi ter\u00f6r \u00e7eteleri \u2018Fetih Ordusu\u2019nun mevki ve ara\u00e7lar\u0131n\u0131 hedef alan hava g\u00fc\u00e7lerimiz onlarca ter\u00f6risti ara\u00e7, cephane ve saha komutanlar\u0131yla imha etti<\/p>\n","protected":false},"excerpt":{"rendered":"<p>\u0130dlib k\u0131rsal\u0131n\u0131n Ebu el Zuhur, Talab, Kensafra, Yuum, Temania ve Bzeyt b\u00f6lgelerinde Erdo\u011fan rejimine tabi ter\u00f6r \u00e7eteleri \u2018Fetih Ordusu\u2019nun mevki ve ara\u00e7lar\u0131n\u0131 hedef alan hava g\u00fc\u00e7lerimiz onlarca ter\u00f6risti ara\u00e7, cephane ve saha komutanlar\u0131yla imha etti<\/p>\n","protected":false},"author":1,"featured_media":0,"comment_status":"closed","ping_status":"closed","sticky":false,"template":"","format":"standard","meta":{"footnotes":""},"categories":[1],"tags":[],"class_list":["post-41416","post","type-post","status-publish","format-standard","","category-news-not-sorted"],"_links":{"self":[{"href":"https:\/\/archive.sana.sy\/tr\/index.php?rest_route=\/wp\/v2\/posts\/41416","targetHints":{"allow":["GET"]}}],"collection":[{"href":"https:\/\/archive.sana.sy\/tr\/index.php?rest_route=\/wp\/v2\/posts"}],"about":[{"href":"https:\/\/archive.sana.sy\/tr\/index.php?rest_route=\/wp\/v2\/types\/post"}],"author":[{"embeddable":true,"href":"https:\/\/archive.sana.sy\/tr\/index.php?rest_route=\/wp\/v2\/users\/1"}],"replies":[{"embeddable":true,"href":"https:\/\/archive.sana.sy\/tr\/index.php?rest_route=%2Fwp%2Fv2%2Fcomments&post=41416"}],"version-history":[{"count":0,"href":"https:\/\/archive.sana.sy\/tr\/index.php?rest_route=\/wp\/v2\/posts\/41416\/revisions"}],"wp:attachment":[{"href":"https:\/\/archive.sana.sy\/tr\/index.php?rest_route=%2Fwp%2Fv2%2Fmedia&parent=41416"}],"wp:term":[{"taxonomy":"category","embeddable":true,"href":"https:\/\/archive.sana.sy\/tr\/index.php?rest_route=%2Fwp%2Fv2%2Fcategories&post=41416"},{"taxonomy":"post_tag","embeddable":true,"href":"https:\/\/archive.sana.sy\/tr\/index.php?rest_route=%2Fwp%2Fv2%2Ftags&post=41416"}],"curies":[{"name":"wp","href":"https:\/\/api.w.org\/{rel}","templated":true}]}}