{"id":41430,"date":"2015-07-25T13:16:51","date_gmt":"2015-07-25T10:16:51","guid":{"rendered":"http:\/\/www.sana.sy\/tr\/?p=41430"},"modified":"2015-07-25T13:16:51","modified_gmt":"2015-07-25T10:16:51","slug":"cumhurbaskani-bessar-el-esad-bugun-askerlik-hizmet-kanunu-kapsaminda-25072015-tarihi-oncesinde-islenen-suclarla-birlikte-yurtici-ve-yurtdisi-firari-suclari-icin-genel-af-ongoren-201532-sayili-yasam","status":"publish","type":"post","link":"https:\/\/archive.sana.sy\/tr\/?p=41430","title":{"rendered":"Cumhurba\u015fkan\u0131 Be\u015f\u015far el Esad bug\u00fcn askerlik hizmet kanunu kapsam\u0131nda 25\/07\/2015 tarihi \u00f6ncesinde i\u015flenen su\u00e7larla birlikte yurti\u00e7i ve yurtd\u0131\u015f\u0131 firari su\u00e7lar\u0131 i\u00e7in genel af \u00f6ng\u00f6ren 2015\/32 say\u0131l\u0131 yasama karar\u0131n\u0131 onaylad\u0131"},"content":{"rendered":"<p>Cumhurba\u015fkan\u0131 Be\u015f\u015far el Esad bug\u00fcn askerlik hizmet kanunu kapsam\u0131nda 25\/07\/2015 tarihi \u00f6ncesinde i\u015flenen su\u00e7larla birlikte yurti\u00e7i ve yurtd\u0131\u015f\u0131 firari su\u00e7lar\u0131 i\u00e7in genel af \u00f6ng\u00f6ren 2015\/32 say\u0131l\u0131 yasama karar\u0131n\u0131 onaylad\u0131<\/p>\n","protected":false},"excerpt":{"rendered":"<p>Cumhurba\u015fkan\u0131 Be\u015f\u015far el Esad bug\u00fcn askerlik hizmet kanunu kapsam\u0131nda 25\/07\/2015 tarihi \u00f6ncesinde i\u015flenen su\u00e7larla birlikte yurti\u00e7i ve yurtd\u0131\u015f\u0131 firari su\u00e7lar\u0131 i\u00e7in genel af \u00f6ng\u00f6ren 2015\/32 say\u0131l\u0131 yasama karar\u0131n\u0131 onaylad\u0131<\/p>\n","protected":false},"author":1,"featured_media":0,"comment_status":"closed","ping_status":"closed","sticky":false,"template":"","format":"standard","meta":{"footnotes":""},"categories":[1],"tags":[],"class_list":["post-41430","post","type-post","status-publish","format-standard","","category-news-not-sorted"],"_links":{"self":[{"href":"https:\/\/archive.sana.sy\/tr\/index.php?rest_route=\/wp\/v2\/posts\/41430","targetHints":{"allow":["GET"]}}],"collection":[{"href":"https:\/\/archive.sana.sy\/tr\/index.php?rest_route=\/wp\/v2\/posts"}],"about":[{"href":"https:\/\/archive.sana.sy\/tr\/index.php?rest_route=\/wp\/v2\/types\/post"}],"author":[{"embeddable":true,"href":"https:\/\/archive.sana.sy\/tr\/index.php?rest_route=\/wp\/v2\/users\/1"}],"replies":[{"embeddable":true,"href":"https:\/\/archive.sana.sy\/tr\/index.php?rest_route=%2Fwp%2Fv2%2Fcomments&post=41430"}],"version-history":[{"count":0,"href":"https:\/\/archive.sana.sy\/tr\/index.php?rest_route=\/wp\/v2\/posts\/41430\/revisions"}],"wp:attachment":[{"href":"https:\/\/archive.sana.sy\/tr\/index.php?rest_route=%2Fwp%2Fv2%2Fmedia&parent=41430"}],"wp:term":[{"taxonomy":"category","embeddable":true,"href":"https:\/\/archive.sana.sy\/tr\/index.php?rest_route=%2Fwp%2Fv2%2Fcategories&post=41430"},{"taxonomy":"post_tag","embeddable":true,"href":"https:\/\/archive.sana.sy\/tr\/index.php?rest_route=%2Fwp%2Fv2%2Ftags&post=41430"}],"curies":[{"name":"wp","href":"https:\/\/api.w.org\/{rel}","templated":true}]}}